{"id":1595,"date":"2011-03-09T16:32:19","date_gmt":"2011-03-09T20:32:19","guid":{"rendered":"https:\/\/amblavana.esteri.it\/news\/dall_ambasciata\/2011\/03\/news09032011-2\/"},"modified":"2011-03-09T16:32:19","modified_gmt":"2011-03-09T20:32:19","slug":"news09032011-2","status":"publish","type":"post","link":"https:\/\/amblavana.esteri.it\/es\/news\/dall_ambasciata\/2011\/03\/news09032011-2\/","title":{"rendered":"XIII edici\u00f3n de la Semana de la Lengua Italiana en el Mundo"},"content":{"rendered":"<p><P><FONT size=\"2\">Del 14 al 20 de octubre de este a\u00f1o se desarrolla la XIII edici\u00f3n de la<BR>Semana de la Lengua Italiana en el Mundo que aqu\u00ed en La Habana fue<BR>inaugurada en el prestigioso entorno de la Antigua Iglesia de San Francisco<BR>de Paola.<BR>La edici\u00f3n de\u00a0 este a\u00f1o est\u00e1 significativamente titulada \u201cB\u00fasqueda,<BR>descubrimiento, innovaci\u00f3n: la Italia del saber\u201d y en tal sentido<BR>particularmente interesantes ser\u00e1n tambi\u00e9n las intervenciones ofrecidas por<BR>los ilustres invitados sobre las m\u00e1s recientes e importantes metas de la<BR>investigaci\u00f3n cient\u00edfica italiana.<\/FONT><\/P><P><FONT size=\"2\"><BR><BR><\/FONT>\u00a0<\/P><br \/>\n<UL><br \/>\n<LI><FONT size=\"2\"><A href=\"\/resource\/2013\/10\/70855_f_amb61PROGRAMMAXIIISettimanadellaLinguaItaliananelMondo2.pdf\">Programa de la XIII\u00a0Semana de la Lengua Italiana en el Mundo en PDF<\/A><\/FONT><\/LI><\/UL><\/p>\n","protected":false},"excerpt":{"rendered":"Del 14 al 20 de octubre de este a\u00f1o se desarrolla la XIII edici\u00f3n de laSemana de la Lengua Italiana en el Mundo que aqu\u00ed en La Habana fueinaugurada en el prestigioso entorno de la Antigua Iglesia de San Franciscode Paola.La edici\u00f3n de\u00a0 este a\u00f1o est\u00e1 significativamente titulada \u201cB\u00fasqueda,descubrimiento, innovaci\u00f3n: la Italia del saber\u201d y [&hellip;]","protected":false},"author":1,"featured_media":0,"comment_status":"","ping_status":"","sticky":false,"template":"","format":"standard","meta":{"footnotes":""},"tags":[],"class_list":["post-1595","post","type-post","status-publish","format-standard","hentry"],"_links":{"self":[{"href":"https:\/\/amblavana.esteri.it\/es\/wp-json\/wp\/v2\/posts\/1595","targetHints":{"allow":["GET"]}}],"collection":[{"href":"https:\/\/amblavana.esteri.it\/es\/wp-json\/wp\/v2\/posts"}],"about":[{"href":"https:\/\/amblavana.esteri.it\/es\/wp-json\/wp\/v2\/types\/post"}],"author":[{"embeddable":true,"href":"https:\/\/amblavana.esteri.it\/es\/wp-json\/wp\/v2\/users\/1"}],"replies":[{"embeddable":true,"href":"https:\/\/amblavana.esteri.it\/es\/wp-json\/wp\/v2\/comments?post=1595"}],"version-history":[{"count":0,"href":"https:\/\/amblavana.esteri.it\/es\/wp-json\/wp\/v2\/posts\/1595\/revisions"}],"wp:attachment":[{"href":"https:\/\/amblavana.esteri.it\/es\/wp-json\/wp\/v2\/media?parent=1595"}],"wp:term":[{"taxonomy":"post_tag","embeddable":true,"href":"https:\/\/amblavana.esteri.it\/es\/wp-json\/wp\/v2\/tags?post=1595"}],"curies":[{"name":"wp","href":"https:\/\/api.w.org\/{rel}","templated":true}]}}