{"id":1577,"date":"2011-05-16T18:08:40","date_gmt":"2011-05-16T22:08:40","guid":{"rendered":"https:\/\/amblavana.esteri.it\/news\/dall_ambasciata\/2011\/05\/news16052011-2\/"},"modified":"2011-05-16T18:08:40","modified_gmt":"2011-05-16T22:08:40","slug":"news16052011-2","status":"publish","type":"post","link":"https:\/\/amblavana.esteri.it\/es\/news\/dall_ambasciata\/2011\/05\/news16052011-2\/","title":{"rendered":"XVI Semana de la Cultura Italiana en Cuba (1)"},"content":{"rendered":"<p><P style=\"MARGIN: 0cm 0cm 0pt\" class=\"MsoNormal\"><SPAN style=\"mso-ansi-language: ES\" lang=\"ES\"><FONT size=\"3\"><FONT color=\"#000000\"><FONT face=\"Times New Roman\">Con una ceremonia en el sugestivo claustro del Convento de San Francisco de As\u00eds, en la que intervinieron Eusebio Leal, Historiador de La Habana y el Embajador Carmine Robustelli, inici\u00f3 la XVI Semana de la Cultura Italiana en Cuba. La Ceremonia inaugural cont\u00f3 con numerosos participantes que luego visitaron la exposici\u00f3n ubicada en el piso superior del patio, dedicada a las partituras verdianas. Seguidamente, en la Bas\u00edlica de San Francisco, se llev\u00f3 a cabo un concierto dirigido por el Maestro Antonio Ballista, quien, acompa\u00f1ado por la Orquesta de C\u00e1mara de Holgu\u00edn, ejecut\u00f3 fragmentos substra\u00eddos de las obras de Giuseppe Verdi, con arreglos por parte del Maestro Alessandro Lucchetti.<?xml:namespace prefix = \"o\" ns = \"urn:schemas-microsoft-com:office:office\" \/><o:p><\/o:p><\/FONT><\/FONT><\/FONT><\/SPAN><\/P><\/p>\n","protected":false},"excerpt":{"rendered":"Con una ceremonia en el sugestivo claustro del Convento de San Francisco de As\u00eds, en la que intervinieron Eusebio Leal, Historiador de La Habana y el Embajador Carmine Robustelli, inici\u00f3 la XVI Semana de la Cultura Italiana en Cuba. La Ceremonia inaugural cont\u00f3 con numerosos participantes que luego visitaron la exposici\u00f3n ubicada en el piso [&hellip;]","protected":false},"author":1,"featured_media":0,"comment_status":"","ping_status":"","sticky":false,"template":"","format":"standard","meta":{"footnotes":""},"tags":[],"class_list":["post-1577","post","type-post","status-publish","format-standard","hentry"],"_links":{"self":[{"href":"https:\/\/amblavana.esteri.it\/es\/wp-json\/wp\/v2\/posts\/1577","targetHints":{"allow":["GET"]}}],"collection":[{"href":"https:\/\/amblavana.esteri.it\/es\/wp-json\/wp\/v2\/posts"}],"about":[{"href":"https:\/\/amblavana.esteri.it\/es\/wp-json\/wp\/v2\/types\/post"}],"author":[{"embeddable":true,"href":"https:\/\/amblavana.esteri.it\/es\/wp-json\/wp\/v2\/users\/1"}],"replies":[{"embeddable":true,"href":"https:\/\/amblavana.esteri.it\/es\/wp-json\/wp\/v2\/comments?post=1577"}],"version-history":[{"count":0,"href":"https:\/\/amblavana.esteri.it\/es\/wp-json\/wp\/v2\/posts\/1577\/revisions"}],"wp:attachment":[{"href":"https:\/\/amblavana.esteri.it\/es\/wp-json\/wp\/v2\/media?parent=1577"}],"wp:term":[{"taxonomy":"post_tag","embeddable":true,"href":"https:\/\/amblavana.esteri.it\/es\/wp-json\/wp\/v2\/tags?post=1577"}],"curies":[{"name":"wp","href":"https:\/\/api.w.org\/{rel}","templated":true}]}}