{"id":1572,"date":"2011-05-19T13:24:48","date_gmt":"2011-05-19T17:24:48","guid":{"rendered":"https:\/\/amblavana.esteri.it\/news\/dall_ambasciata\/2011\/05\/news19052011-2\/"},"modified":"2011-05-19T13:24:48","modified_gmt":"2011-05-19T17:24:48","slug":"news19052011-2","status":"publish","type":"post","link":"https:\/\/amblavana.esteri.it\/es\/news\/dall_ambasciata\/2011\/05\/news19052011-2\/","title":{"rendered":"Visita del Embajador Robustelli en Holgu\u00edn (1)"},"content":{"rendered":"<p><P>\u00a0<\/P><P>Los pasados d\u00edas 8 y 9 de octubre el Embajador Robustelli visit\u00f3 la Provincia de Holgu\u00edn, en ocasi\u00f3n de la realizaci\u00f3n de un concierto en homenaje al bicentenario del nacimiento de Giuseppe Verdi. El Embajador fue recibido, en una cordial conversaci\u00f3n, por la Presidenta de la Asamblea Provincial de Poder Popular, Susel del Carmen Tellez Tamayo y visit\u00f3 algunos puntos de inter\u00e9s de la ciudad de Holgu\u00edn. Luego sostuvo un encuentro con coterr\u00e1neos y descendientes de italianos en la sede local de la UNEAC. Visit\u00f3 igualmente la vecina localidad de Gibara, que cuenta con un caracter\u00edstico centro hist\u00f3rico con vestigios coloniales, donde sostuvo una conversaci\u00f3n con el Presidente de la Asamblea Municipal, Jos\u00e9 Ernesto Mayo Saldivar. <\/P><br \/>\n<P><BR><IMG border=\"0\" alt=\"1-1\" src=\"\/resource\/2013\/10\/70937_f_amb6114.JPG\"><BR><\/P><br \/>\n<P><IMG border=\"0\" alt=\"1-2\" src=\"\/resource\/2013\/10\/70938_f_amb6115.jpg\"><\/P><br \/>\n<P><BR><IMG border=\"0\" alt=\"1-3\" src=\"\/resource\/2013\/10\/70939_f_amb6116.jpg\"><\/P><\/p>\n","protected":false},"excerpt":{"rendered":"\u00a0Los pasados d\u00edas 8 y 9 de octubre el Embajador Robustelli visit\u00f3 la Provincia de Holgu\u00edn, en ocasi\u00f3n de la realizaci\u00f3n de un concierto en homenaje al bicentenario del nacimiento de Giuseppe Verdi. El Embajador fue recibido, en una cordial conversaci\u00f3n, por la Presidenta de la Asamblea Provincial de Poder Popular, Susel del Carmen Tellez [&hellip;]","protected":false},"author":1,"featured_media":0,"comment_status":"","ping_status":"","sticky":false,"template":"","format":"standard","meta":{"footnotes":""},"tags":[],"class_list":["post-1572","post","type-post","status-publish","format-standard","hentry"],"_links":{"self":[{"href":"https:\/\/amblavana.esteri.it\/es\/wp-json\/wp\/v2\/posts\/1572","targetHints":{"allow":["GET"]}}],"collection":[{"href":"https:\/\/amblavana.esteri.it\/es\/wp-json\/wp\/v2\/posts"}],"about":[{"href":"https:\/\/amblavana.esteri.it\/es\/wp-json\/wp\/v2\/types\/post"}],"author":[{"embeddable":true,"href":"https:\/\/amblavana.esteri.it\/es\/wp-json\/wp\/v2\/users\/1"}],"replies":[{"embeddable":true,"href":"https:\/\/amblavana.esteri.it\/es\/wp-json\/wp\/v2\/comments?post=1572"}],"version-history":[{"count":0,"href":"https:\/\/amblavana.esteri.it\/es\/wp-json\/wp\/v2\/posts\/1572\/revisions"}],"wp:attachment":[{"href":"https:\/\/amblavana.esteri.it\/es\/wp-json\/wp\/v2\/media?parent=1572"}],"wp:term":[{"taxonomy":"post_tag","embeddable":true,"href":"https:\/\/amblavana.esteri.it\/es\/wp-json\/wp\/v2\/tags?post=1572"}],"curies":[{"name":"wp","href":"https:\/\/api.w.org\/{rel}","templated":true}]}}