{"id":1566,"date":"2011-06-09T14:50:29","date_gmt":"2011-06-09T18:50:29","guid":{"rendered":"https:\/\/amblavana.esteri.it\/news\/dall_ambasciata\/2011\/06\/news03062011-2\/"},"modified":"2011-06-09T14:50:29","modified_gmt":"2011-06-09T18:50:29","slug":"news03062011-2","status":"publish","type":"post","link":"https:\/\/amblavana.esteri.it\/es\/news\/dall_ambasciata\/2011\/06\/news03062011-2\/","title":{"rendered":"Visita del Embajador Robustelli en Holgu\u00edn (2)"},"content":{"rendered":"<p><P><BR>En el curso de su visita a Holgu\u00edn, el Embajador Robustelli asisti\u00f3 en el Teatro \u201cEddy Sunol\u201d a un concierto en homenaje a Giuseppe Verdi, en ocasi\u00f3n del bicentenario de su nacimiento. El evento, organizado con pasi\u00f3n y precisi\u00f3n por el Teatro L\u00edrico \u201cRodrigo Prats\u201d y por la Orquesta Sinf\u00f3nica de Holgu\u00edn, obtuvo un excepcional \u00e9xito de p\u00fablico y cr\u00edtica. En esta oportunidad, la orquesta fue dirigida por el Maestro italiano Walter Themel, ya involucrado en actividades did\u00e1cticas y de conciertos en Cuba.<\/P><P><BR><IMG border=\"0\" alt=\"2-1\" src=\"\/resource\/2013\/10\/70943_f_amb6124.jpg\"><\/P><br \/>\n<P><BR><IMG border=\"0\" alt=\"2-2\" src=\"\/resource\/2013\/10\/70944_f_amb6125.jpg\"><\/P><br \/>\n<P><BR><IMG border=\"0\" alt=\"2-3\" src=\"\/resource\/2013\/10\/70945_f_amb6126.jpg\"><BR><\/P><\/p>\n","protected":false},"excerpt":{"rendered":"En el curso de su visita a Holgu\u00edn, el Embajador Robustelli asisti\u00f3 en el Teatro \u201cEddy Sunol\u201d a un concierto en homenaje a Giuseppe Verdi, en ocasi\u00f3n del bicentenario de su nacimiento. El evento, organizado con pasi\u00f3n y precisi\u00f3n por el Teatro L\u00edrico \u201cRodrigo Prats\u201d y por la Orquesta Sinf\u00f3nica de Holgu\u00edn, obtuvo un excepcional [&hellip;]","protected":false},"author":1,"featured_media":0,"comment_status":"","ping_status":"","sticky":false,"template":"","format":"standard","meta":{"footnotes":""},"tags":[],"class_list":["post-1566","post","type-post","status-publish","format-standard","hentry"],"_links":{"self":[{"href":"https:\/\/amblavana.esteri.it\/es\/wp-json\/wp\/v2\/posts\/1566","targetHints":{"allow":["GET"]}}],"collection":[{"href":"https:\/\/amblavana.esteri.it\/es\/wp-json\/wp\/v2\/posts"}],"about":[{"href":"https:\/\/amblavana.esteri.it\/es\/wp-json\/wp\/v2\/types\/post"}],"author":[{"embeddable":true,"href":"https:\/\/amblavana.esteri.it\/es\/wp-json\/wp\/v2\/users\/1"}],"replies":[{"embeddable":true,"href":"https:\/\/amblavana.esteri.it\/es\/wp-json\/wp\/v2\/comments?post=1566"}],"version-history":[{"count":0,"href":"https:\/\/amblavana.esteri.it\/es\/wp-json\/wp\/v2\/posts\/1566\/revisions"}],"wp:attachment":[{"href":"https:\/\/amblavana.esteri.it\/es\/wp-json\/wp\/v2\/media?parent=1566"}],"wp:term":[{"taxonomy":"post_tag","embeddable":true,"href":"https:\/\/amblavana.esteri.it\/es\/wp-json\/wp\/v2\/tags?post=1566"}],"curies":[{"name":"wp","href":"https:\/\/api.w.org\/{rel}","templated":true}]}}