{"id":1561,"date":"2011-11-03T18:39:03","date_gmt":"2011-11-03T22:39:03","guid":{"rendered":"https:\/\/amblavana.esteri.it\/news\/dall_ambasciata\/2011\/11\/festivita-2012-2\/"},"modified":"2011-11-03T18:39:03","modified_gmt":"2011-11-03T22:39:03","slug":"festivita-2012-2","status":"publish","type":"post","link":"https:\/\/amblavana.esteri.it\/es\/news\/dall_ambasciata\/2011\/11\/festivita-2012-2\/","title":{"rendered":"XVI Semana de la Cultura Italiana en Cuba (5)"},"content":{"rendered":"<p>La quinta jornada de la semana de la cultura inici\u00f3 con la ultima conferencia prevista en la Universidad de La Habana dedicada al drama de Cecilia Vald\u00e9s, obra maestra de Cirilo Villaverde y texto imprescindible para cualquiera que desee conocer aspectos t\u00edpicos de la mentalidad cubana. La Conferencia \u201cCecilia Valdes y Leonardo Gamboa, los novios\u201d impartida por Silvio Mignano que en 1996 ide\u00f3 la Semana de la Cultura Italiana en Cuba, represent\u00f3 una ins\u00f3lita y fascinante mirada al equivalente cubano de \u201cLos Prometidos\u201d de Alessandro Manzoni. <BR>Luego fue presentado en la \u201cCasa Garibaldi\u201d, sede de la Dante Alighieri, el libro \u201cThe Economy of Cuba afeter the VI Party Congress: between State Socialism and Market Socialism\u201d escrito por el economista Alberto Gabriele con la contribuci\u00f3n tambi\u00e9n de eminentes estudiosos cubanos.<BR>En esa propia tarde, en el Centro Hispanoamericano de Cultura tuvo lugar la clausura oficial de la prestigiosa exposici\u00f3n \u201cViajando con Calvino\u201d, promovida por el arquitecto Marco Marini. En esta ocasi\u00f3n, fue proyectado el video \u201cRegalo a las ciudades invisibles: retratos arquitect\u00f3nicos\u201d, seguido por un estimulante debate sobre las Lecciones americanas del escritor italo-cubano.<BR>Como conclusi\u00f3n de la quinta jornada, siempre en el Centro Hispanoamericano de Cultura, David Riondino y Alexis Diaz Pimienta pusieron en escena la brillante representaci\u00f3n de \u201cIl Trombettiere\u201d, espect\u00e1culo realizado en colaboraci\u00f3n con proyecto Cubano, financiado por la UE y las ONG COSPE y GIANO.<BR><\/p>\n","protected":false},"excerpt":{"rendered":"La quinta jornada de la semana de la cultura inici\u00f3 con la ultima conferencia prevista en la Universidad de La Habana dedicada al drama de Cecilia Vald\u00e9s, obra maestra de Cirilo Villaverde y texto imprescindible para cualquiera que desee conocer aspectos t\u00edpicos de la mentalidad cubana. La Conferencia \u201cCecilia Valdes y Leonardo Gamboa, los novios\u201d [&hellip;]","protected":false},"author":1,"featured_media":0,"comment_status":"","ping_status":"","sticky":false,"template":"","format":"standard","meta":{"footnotes":""},"tags":[],"class_list":["post-1561","post","type-post","status-publish","format-standard","hentry"],"_links":{"self":[{"href":"https:\/\/amblavana.esteri.it\/es\/wp-json\/wp\/v2\/posts\/1561","targetHints":{"allow":["GET"]}}],"collection":[{"href":"https:\/\/amblavana.esteri.it\/es\/wp-json\/wp\/v2\/posts"}],"about":[{"href":"https:\/\/amblavana.esteri.it\/es\/wp-json\/wp\/v2\/types\/post"}],"author":[{"embeddable":true,"href":"https:\/\/amblavana.esteri.it\/es\/wp-json\/wp\/v2\/users\/1"}],"replies":[{"embeddable":true,"href":"https:\/\/amblavana.esteri.it\/es\/wp-json\/wp\/v2\/comments?post=1561"}],"version-history":[{"count":0,"href":"https:\/\/amblavana.esteri.it\/es\/wp-json\/wp\/v2\/posts\/1561\/revisions"}],"wp:attachment":[{"href":"https:\/\/amblavana.esteri.it\/es\/wp-json\/wp\/v2\/media?parent=1561"}],"wp:term":[{"taxonomy":"post_tag","embeddable":true,"href":"https:\/\/amblavana.esteri.it\/es\/wp-json\/wp\/v2\/tags?post=1561"}],"curies":[{"name":"wp","href":"https:\/\/api.w.org\/{rel}","templated":true}]}}