{"id":1555,"date":"2011-11-21T17:24:08","date_gmt":"2011-11-21T21:24:08","guid":{"rendered":"https:\/\/amblavana.esteri.it\/news\/dall_ambasciata\/2011\/11\/xiv-semana-de-la-cultura-italiana-2\/"},"modified":"2011-11-21T17:24:08","modified_gmt":"2011-11-21T21:24:08","slug":"xiv-semana-de-la-cultura-italiana-2","status":"publish","type":"post","link":"https:\/\/amblavana.esteri.it\/es\/news\/dall_ambasciata\/2011\/11\/xiv-semana-de-la-cultura-italiana-2\/","title":{"rendered":"XVI Semana de la Cultura Italiana\u00a0en Cuba (3)"},"content":{"rendered":"<p>En la tercera jornada de la Semana inici\u00f3 el ciclo de conferencias en la Universidad de La Habana: en el marco de las celebraciones calvinianas la Profesora Marta Blaquier Asca\u00f1o de la Universidad de La Habana present\u00f3 el sitio web \u201cEl jardin encantado de los Calvino\u201d, proyecto universitario que tiene como objetivo recuperar la memoria hist\u00f3rica relativa a la presencia de la familia Calvino en Cuba, mientras la Profesora Francesca Bernardini de la Universidad La Sapienza de Roma dio una conferencia titulada \u201cLector in fabula: Si una noche de invierno un viajero\u201d.<BR>En la tarde, en colaboraci\u00f3n con el CENESEX (Centro Nacional de Educaci\u00f3n Sexual) y con la FMC (Federaci\u00f3n de Mujeres Cubanas), tuvo lugar en el Teatro del Museo Nacional de Bellas Artes la Mesa Redonda dedicada a \u201cLa no discriminaci\u00f3n a la orientaci\u00f3n sexual\u201d. El debate fue muy vivaz e involucr\u00f3 tambi\u00e9n al numeroso public\u00f3 presente, gracias igualmente a la presencia de Mariela Castro Espin, a quien fuera dedicado uno de los documentales del director de cine italiano Gianni Torres proyectados \u201cLa metarevolucionaria, la historia de la revoluci\u00f3n en la revoluci\u00f3n de Mariela Castro\u201d,. La directora de cine y actriz Alina Narciso termin\u00f3 la Mesa Redonda con textos sacados de su propio espect\u00e1culo \u201cLas voces del callej\u00f3n\u201d. <BR>La jornada concluy\u00f3 en el propio Teatro con el concierto \u201cReencuentro con Italia\u201d ofrecido por el grupo musical \u201cLeyendas.Com\u201d que acompa\u00f1aba las voces de Laritza Bacallao, Emilia Morales y Valerio Liboni.<BR><\/p>\n","protected":false},"excerpt":{"rendered":"En la tercera jornada de la Semana inici\u00f3 el ciclo de conferencias en la Universidad de La Habana: en el marco de las celebraciones calvinianas la Profesora Marta Blaquier Asca\u00f1o de la Universidad de La Habana present\u00f3 el sitio web \u201cEl jardin encantado de los Calvino\u201d, proyecto universitario que tiene como objetivo recuperar la memoria [&hellip;]","protected":false},"author":1,"featured_media":0,"comment_status":"","ping_status":"","sticky":false,"template":"","format":"standard","meta":{"footnotes":""},"tags":[],"class_list":["post-1555","post","type-post","status-publish","format-standard","hentry"],"_links":{"self":[{"href":"https:\/\/amblavana.esteri.it\/es\/wp-json\/wp\/v2\/posts\/1555","targetHints":{"allow":["GET"]}}],"collection":[{"href":"https:\/\/amblavana.esteri.it\/es\/wp-json\/wp\/v2\/posts"}],"about":[{"href":"https:\/\/amblavana.esteri.it\/es\/wp-json\/wp\/v2\/types\/post"}],"author":[{"embeddable":true,"href":"https:\/\/amblavana.esteri.it\/es\/wp-json\/wp\/v2\/users\/1"}],"replies":[{"embeddable":true,"href":"https:\/\/amblavana.esteri.it\/es\/wp-json\/wp\/v2\/comments?post=1555"}],"version-history":[{"count":0,"href":"https:\/\/amblavana.esteri.it\/es\/wp-json\/wp\/v2\/posts\/1555\/revisions"}],"wp:attachment":[{"href":"https:\/\/amblavana.esteri.it\/es\/wp-json\/wp\/v2\/media?parent=1555"}],"wp:term":[{"taxonomy":"post_tag","embeddable":true,"href":"https:\/\/amblavana.esteri.it\/es\/wp-json\/wp\/v2\/tags?post=1555"}],"curies":[{"name":"wp","href":"https:\/\/api.w.org\/{rel}","templated":true}]}}