{"id":1549,"date":"2012-01-25T18:24:57","date_gmt":"2012-01-25T22:24:57","guid":{"rendered":"https:\/\/amblavana.esteri.it\/news\/dall_ambasciata\/2012\/01\/nuove-norme-certificati-2\/"},"modified":"2012-01-25T18:24:57","modified_gmt":"2012-01-25T22:24:57","slug":"nuove-norme-certificati-2","status":"publish","type":"post","link":"https:\/\/amblavana.esteri.it\/es\/news\/dall_ambasciata\/2012\/01\/nuove-norme-certificati-2\/","title":{"rendered":"Premio Literario Italo Calvino (La Habana, 13 de mayo de 2014)"},"content":{"rendered":"<p><P>Con la presencia del Embajador de Italia, Carmine Robustelli, tuvo lugar, en la sala Martinez Villena de la UNEAC (Uni\u00f3n de Escritores y Artistas de Cuba) y con el patrocinio del ARCI, la premiaci\u00f3n de la edici\u00f3n 2014 del Premio literario Italo Calvino.<\/P><P>El premio obtuvo, como de costumbre, un notable \u00e9xito, habi\u00e9ndose presentado numerosos trabajos de apreciable calidad literaria. El jurado, compuesto por Reynaldo Gonzalez, Zaida Capote y Silvio Mignano, seleccion\u00f3 la obra \u201cMusica nocturna para un hereje\u201d del escritor Roberto Mendez<BR><BR><BR><IMG border=\"0\" alt=\"calvino 1 \" src=\"\/resource\/2014\/06\/78773_f_amb61SAM_1787fotopremioCalvinodaGioiaMinutiritagliata1.jpg\"><\/P><br \/>\n<P><BR><BR><IMG border=\"0\" alt=\"calvino 2 \" src=\"\/resource\/2014\/06\/78774_f_amb61GanadorPremioCalvinorimpicciolita1.jpg\"><\/P><\/p>\n","protected":false},"excerpt":{"rendered":"Con la presencia del Embajador de Italia, Carmine Robustelli, tuvo lugar, en la sala Martinez Villena de la UNEAC (Uni\u00f3n de Escritores y Artistas de Cuba) y con el patrocinio del ARCI, la premiaci\u00f3n de la edici\u00f3n 2014 del Premio literario Italo Calvino.El premio obtuvo, como de costumbre, un notable \u00e9xito, habi\u00e9ndose presentado numerosos trabajos [&hellip;]","protected":false},"author":1,"featured_media":0,"comment_status":"","ping_status":"","sticky":false,"template":"","format":"standard","meta":{"footnotes":""},"tags":[],"class_list":["post-1549","post","type-post","status-publish","format-standard","hentry"],"_links":{"self":[{"href":"https:\/\/amblavana.esteri.it\/es\/wp-json\/wp\/v2\/posts\/1549","targetHints":{"allow":["GET"]}}],"collection":[{"href":"https:\/\/amblavana.esteri.it\/es\/wp-json\/wp\/v2\/posts"}],"about":[{"href":"https:\/\/amblavana.esteri.it\/es\/wp-json\/wp\/v2\/types\/post"}],"author":[{"embeddable":true,"href":"https:\/\/amblavana.esteri.it\/es\/wp-json\/wp\/v2\/users\/1"}],"replies":[{"embeddable":true,"href":"https:\/\/amblavana.esteri.it\/es\/wp-json\/wp\/v2\/comments?post=1549"}],"version-history":[{"count":0,"href":"https:\/\/amblavana.esteri.it\/es\/wp-json\/wp\/v2\/posts\/1549\/revisions"}],"wp:attachment":[{"href":"https:\/\/amblavana.esteri.it\/es\/wp-json\/wp\/v2\/media?parent=1549"}],"wp:term":[{"taxonomy":"post_tag","embeddable":true,"href":"https:\/\/amblavana.esteri.it\/es\/wp-json\/wp\/v2\/tags?post=1549"}],"curies":[{"name":"wp","href":"https:\/\/api.w.org\/{rel}","templated":true}]}}