{"id":1544,"date":"2012-05-11T15:08:59","date_gmt":"2012-05-11T19:08:59","guid":{"rendered":"https:\/\/amblavana.esteri.it\/news\/dall_ambasciata\/2012\/05\/comunicato-stampa-del-10-5-2012-comitato-imprenditoriale-cuba-italia-cici-e-gruppo-degli-imprend-2\/"},"modified":"2012-05-11T15:08:59","modified_gmt":"2012-05-11T19:08:59","slug":"comunicato-stampa-del-10-5-2012-comitato-imprenditoriale-cuba-italia-cici-e-gruppo-degli-imprend-2","status":"publish","type":"post","link":"https:\/\/amblavana.esteri.it\/es\/news\/dall_ambasciata\/2012\/05\/comunicato-stampa-del-10-5-2012-comitato-imprenditoriale-cuba-italia-cici-e-gruppo-degli-imprend-2\/","title":{"rendered":"XVI Semana de la Cultura Italiana en Cuba (25 noviembre &#8211; 1\u00b0 diciembre de 2013)"},"content":{"rendered":"<p><P class=\"x_MsoPlainText\"><FONT size=\"2\" face=\"Courier New\"><SPAN style=\"FONT-SIZE: 10pt\" lang=\"ES\">Del 25 de noviembre al 1\u00b0 de diciembre tendr\u00e1 lugar la XVI edici\u00f3n de la <\/SPAN><\/FONT><FONT size=\"2\" face=\"Courier New\"><SPAN style=\"FONT-SIZE: 10pt\" lang=\"ES\">Semana de la Cultura Italiana en Cuba, significativo momento de intenso <\/SPAN><\/FONT><FONT size=\"2\" face=\"Courier New\"><SPAN style=\"FONT-SIZE: 10pt\" lang=\"ES\">intercambio cultural. Esta edici\u00f3n tiene en Verdi y Calvino a los <\/SPAN><\/FONT><FONT size=\"2\" face=\"Courier New\"><SPAN style=\"FONT-SIZE: 10pt\" lang=\"ES\">protagonistas principales junto a eventos musicales, teatrales y literarios <\/SPAN><\/FONT><FONT size=\"2\" face=\"Courier New\"><SPAN style=\"FONT-SIZE: 10pt\" lang=\"ES\">de gran inter\u00e9s.<BR><BR><\/SPAN><\/FONT><\/P><P class=\"x_MsoPlainText\"><FONT size=\"2\" face=\"Courier New\"><SPAN style=\"FONT-SIZE: 10pt\" lang=\"ES\">La Conferencia de prensa realizada en el d\u00eda de ayer en los locales de la <\/SPAN><\/FONT><FONT size=\"2\" face=\"Courier New\"><SPAN style=\"FONT-SIZE: 10pt\">\u00abCasa Garibaldi\u00bb, prestigiosa sede de la Dante Alighieri, present\u00f3 <\/SPAN><\/FONT><FONT size=\"2\" face=\"Courier New\"><SPAN style=\"FONT-SIZE: 10pt\" lang=\"ES\">detalladamente el programa, obteniendo gran \u00e9xito de p\u00fablico y de prensa <BR><BR><BR><\/SPAN><\/FONT><A title=\"PROGRAMA DE LA SEMANA DE LA CULTURA ITALIANA EN CUBA 2013\" href=\"\/resource\/2013\/11\/71855_f_amb61SemanaCult2014.pdf\"><STRONG>PROGRAMA DE LA SEMANA DE LA CULTURA ITALIANA EN CUBA 2013<\/STRONG><\/A><BR><BR><BR><\/P><\/p>\n","protected":false},"excerpt":{"rendered":"Del 25 de noviembre al 1\u00b0 de diciembre tendr\u00e1 lugar la XVI edici\u00f3n de la Semana de la Cultura Italiana en Cuba, significativo momento de intenso intercambio cultural. Esta edici\u00f3n tiene en Verdi y Calvino a los protagonistas principales junto a eventos musicales, teatrales y literarios de gran inter\u00e9s.La Conferencia de prensa realizada en el [&hellip;]","protected":false},"author":1,"featured_media":0,"comment_status":"","ping_status":"","sticky":false,"template":"","format":"standard","meta":{"footnotes":""},"tags":[],"class_list":["post-1544","post","type-post","status-publish","format-standard","hentry"],"_links":{"self":[{"href":"https:\/\/amblavana.esteri.it\/es\/wp-json\/wp\/v2\/posts\/1544","targetHints":{"allow":["GET"]}}],"collection":[{"href":"https:\/\/amblavana.esteri.it\/es\/wp-json\/wp\/v2\/posts"}],"about":[{"href":"https:\/\/amblavana.esteri.it\/es\/wp-json\/wp\/v2\/types\/post"}],"author":[{"embeddable":true,"href":"https:\/\/amblavana.esteri.it\/es\/wp-json\/wp\/v2\/users\/1"}],"replies":[{"embeddable":true,"href":"https:\/\/amblavana.esteri.it\/es\/wp-json\/wp\/v2\/comments?post=1544"}],"version-history":[{"count":0,"href":"https:\/\/amblavana.esteri.it\/es\/wp-json\/wp\/v2\/posts\/1544\/revisions"}],"wp:attachment":[{"href":"https:\/\/amblavana.esteri.it\/es\/wp-json\/wp\/v2\/media?parent=1544"}],"wp:term":[{"taxonomy":"post_tag","embeddable":true,"href":"https:\/\/amblavana.esteri.it\/es\/wp-json\/wp\/v2\/tags?post=1544"}],"curies":[{"name":"wp","href":"https:\/\/api.w.org\/{rel}","templated":true}]}}