{"id":1538,"date":"2012-05-11T15:21:37","date_gmt":"2012-05-11T19:21:37","guid":{"rendered":"https:\/\/amblavana.esteri.it\/news\/dall_ambasciata\/2012\/05\/iv-incontro-industriale-cuba-italia-sulle-fonti-rinnovabili-2\/"},"modified":"2012-05-11T15:21:37","modified_gmt":"2012-05-11T19:21:37","slug":"iv-incontro-industriale-cuba-italia-sulle-fonti-rinnovabili-2","status":"publish","type":"post","link":"https:\/\/amblavana.esteri.it\/es\/news\/dall_ambasciata\/2012\/05\/iv-incontro-industriale-cuba-italia-sulle-fonti-rinnovabili-2\/","title":{"rendered":"XXXI Feria Internacional de La Habana (FIHAV)"},"content":{"rendered":"<p><P class=\"x_MsoNormal\"><FONT size=\"3\" face=\"Arial\"><SPAN style=\"FONT-FAMILY: Arial; FONT-SIZE: 12pt\" lang=\"ES\">M\u00e1s de setenta empresas han expuesto en el Pabell\u00f3n Italia, organizado por el ICE (Instituto de Comercio Exterior), en la XXXI edici\u00f3n de la Feria Internacional de La Habana, que tuvo lugar del 3 al 9 de noviembre. En este \u00e1mbito, el mi\u00e9rcoles 6 se celebr\u00f3 la jornada dedicada a Italia, con la inauguraci\u00f3n del Pabell\u00f3n, con la presencia del Viceministro del Mincex, Ileana Nunez, y del Embajador Carmine Robustelli. Empresas italianas expusieron igualmente en otros pabellones, incrementando la presencia italiana en la Feria. El ICE, junto a la C\u00e1mara de Comercio de Cuba, organiz\u00f3 un interesante Seminario sobre posibilidades y modalidades para hacer negocios en Cuba. Durante la Feria el Ministro cubano de Comercio Exterior e Inversiones Extranjeras, Rodrigo Malmierca, present\u00f3 oficialmente la nueva Zona Econ\u00f3mica de Desarrollo de Mariel (<A href=\"http:\/\/www.zedmariel.com\">http:\/\/www.zedmariel.com<\/A>)<\/SPAN><\/FONT><\/P><FONT size=\"3\" face=\"Arial\"><SPAN style=\"FONT-FAMILY: Arial; FONT-SIZE: 12pt\" lang=\"ES\"><P class=\"x_MsoNormal\"><BR><IMG border=\"0\" alt=\"fihav1 \" src=\"\/resource\/2013\/11\/71577_f_amb61fihav3.jpg\"><\/P><br \/>\n<P class=\"x_MsoNormal\"><BR><IMG border=\"0\" alt=\"FIHAV 2 \" src=\"\/resource\/2013\/11\/71578_f_amb61fihav4.jpg\"><\/SPAN><\/FONT><\/P><br \/>\n<P class=\"x_MsoNormal\"><FONT size=\"3\" face=\"Times New Roman\"><SPAN style=\"FONT-SIZE: 12pt\" lang=\"ES\"><\/SPAN><\/FONT>\u00a0<\/P><\/p>\n","protected":false},"excerpt":{"rendered":"M\u00e1s de setenta empresas han expuesto en el Pabell\u00f3n Italia, organizado por el ICE (Instituto de Comercio Exterior), en la XXXI edici\u00f3n de la Feria Internacional de La Habana, que tuvo lugar del 3 al 9 de noviembre. En este \u00e1mbito, el mi\u00e9rcoles 6 se celebr\u00f3 la jornada dedicada a Italia, con la inauguraci\u00f3n del [&hellip;]","protected":false},"author":1,"featured_media":0,"comment_status":"","ping_status":"","sticky":false,"template":"","format":"standard","meta":{"footnotes":""},"tags":[],"class_list":["post-1538","post","type-post","status-publish","format-standard","hentry"],"_links":{"self":[{"href":"https:\/\/amblavana.esteri.it\/es\/wp-json\/wp\/v2\/posts\/1538","targetHints":{"allow":["GET"]}}],"collection":[{"href":"https:\/\/amblavana.esteri.it\/es\/wp-json\/wp\/v2\/posts"}],"about":[{"href":"https:\/\/amblavana.esteri.it\/es\/wp-json\/wp\/v2\/types\/post"}],"author":[{"embeddable":true,"href":"https:\/\/amblavana.esteri.it\/es\/wp-json\/wp\/v2\/users\/1"}],"replies":[{"embeddable":true,"href":"https:\/\/amblavana.esteri.it\/es\/wp-json\/wp\/v2\/comments?post=1538"}],"version-history":[{"count":0,"href":"https:\/\/amblavana.esteri.it\/es\/wp-json\/wp\/v2\/posts\/1538\/revisions"}],"wp:attachment":[{"href":"https:\/\/amblavana.esteri.it\/es\/wp-json\/wp\/v2\/media?parent=1538"}],"wp:term":[{"taxonomy":"post_tag","embeddable":true,"href":"https:\/\/amblavana.esteri.it\/es\/wp-json\/wp\/v2\/tags?post=1538"}],"curies":[{"name":"wp","href":"https:\/\/api.w.org\/{rel}","templated":true}]}}