{"id":1527,"date":"2012-12-20T15:34:11","date_gmt":"2012-12-20T19:34:11","guid":{"rendered":"https:\/\/amblavana.esteri.it\/news\/dall_ambasciata\/2012\/12\/aviso-oficina-visados-2\/"},"modified":"2012-12-20T15:34:11","modified_gmt":"2012-12-20T19:34:11","slug":"aviso-oficina-visados-2","status":"publish","type":"post","link":"https:\/\/amblavana.esteri.it\/es\/news\/dall_ambasciata\/2012\/12\/aviso-oficina-visados-2\/","title":{"rendered":"CUBAINDUSTRIA"},"content":{"rendered":"<p><P>Del 23 al 27 de junio pasados se desarroll\u00f3 en La Habana la primera edici\u00f3n de la \u201cConvenci\u00f3n y Exposici\u00f3n Internacional CUBAINDUSTRIA 2014\u201d, evento ferial internacional de sector, dedicado a la Industria ligera, sider\u00fargica, mec\u00e1nica, qu\u00edmica y electr\u00f3nica. No obstante la novedad de la iniciativa, se registr\u00f3 una copiosa participaci\u00f3n de empresas extranjeras. El Embajador Robustelli visit\u00f3, junto a la Directora de la Oficina UNIDO ITPO de Roma, Diana Battaggia, los stands de las numerosas empresas italianas presentes en las estructuras de Pabexpo, donde tuvo lugar el evento.<\/P><P><BR><IMG border=\"0\" alt=\"cubaindustria\" src=\"\/resource\/2014\/08\/80535_f_amb61Cubaindustria5mini.jpg\"><\/P><br \/>\n<P><\/P><\/p>\n","protected":false},"excerpt":{"rendered":"Del 23 al 27 de junio pasados se desarroll\u00f3 en La Habana la primera edici\u00f3n de la \u201cConvenci\u00f3n y Exposici\u00f3n Internacional CUBAINDUSTRIA 2014\u201d, evento ferial internacional de sector, dedicado a la Industria ligera, sider\u00fargica, mec\u00e1nica, qu\u00edmica y electr\u00f3nica. No obstante la novedad de la iniciativa, se registr\u00f3 una copiosa participaci\u00f3n de empresas extranjeras. El Embajador [&hellip;]","protected":false},"author":1,"featured_media":0,"comment_status":"","ping_status":"","sticky":false,"template":"","format":"standard","meta":{"footnotes":""},"tags":[],"class_list":["post-1527","post","type-post","status-publish","format-standard","hentry"],"_links":{"self":[{"href":"https:\/\/amblavana.esteri.it\/es\/wp-json\/wp\/v2\/posts\/1527","targetHints":{"allow":["GET"]}}],"collection":[{"href":"https:\/\/amblavana.esteri.it\/es\/wp-json\/wp\/v2\/posts"}],"about":[{"href":"https:\/\/amblavana.esteri.it\/es\/wp-json\/wp\/v2\/types\/post"}],"author":[{"embeddable":true,"href":"https:\/\/amblavana.esteri.it\/es\/wp-json\/wp\/v2\/users\/1"}],"replies":[{"embeddable":true,"href":"https:\/\/amblavana.esteri.it\/es\/wp-json\/wp\/v2\/comments?post=1527"}],"version-history":[{"count":0,"href":"https:\/\/amblavana.esteri.it\/es\/wp-json\/wp\/v2\/posts\/1527\/revisions"}],"wp:attachment":[{"href":"https:\/\/amblavana.esteri.it\/es\/wp-json\/wp\/v2\/media?parent=1527"}],"wp:term":[{"taxonomy":"post_tag","embeddable":true,"href":"https:\/\/amblavana.esteri.it\/es\/wp-json\/wp\/v2\/tags?post=1527"}],"curies":[{"name":"wp","href":"https:\/\/api.w.org\/{rel}","templated":true}]}}