{"id":1521,"date":"2012-12-20T15:45:16","date_gmt":"2012-12-20T19:45:16","guid":{"rendered":"https:\/\/amblavana.esteri.it\/news\/dall_ambasciata\/2012\/12\/avviso-ufficio-visti-2\/"},"modified":"2012-12-20T15:45:16","modified_gmt":"2012-12-20T19:45:16","slug":"avviso-ufficio-visti-2","status":"publish","type":"post","link":"https:\/\/amblavana.esteri.it\/es\/news\/dall_ambasciata\/2012\/12\/avviso-ufficio-visti-2\/","title":{"rendered":"EXPO Mil\u00e1n 2015 \u2013 Participaci\u00f3n de Cuba."},"content":{"rendered":"<p><P>El pasado 18 de julio tuvo lugar en La Habana un encuentro de presentaci\u00f3n de la participaci\u00f3n cubana en la Expo Mil\u00e1n. Cuba, que cuenta con una larga historia de participaci\u00f3n en las Exposiciones Universales, estar\u00e1 presente tambi\u00e9n en la pr\u00f3xima edici\u00f3n del 2015 en Mil\u00e1n. <BR>El Pabell\u00f3n cubano estar\u00e1 montado en el cluster Cacao y dispondr\u00e1 de un espacio de 250 m2. El evento de presentaci\u00f3n tuvo lugar en la sede de la C\u00e1mara de Comercio de Cuba, entidad curadora de la organizaci\u00f3n del pabell\u00f3n cubano que, en el contexto del tema general de la manifestaci\u00f3n \u201cAlimentar el planeta, energ\u00eda para la vida\u201d, estar\u00e1 enfocado en el tema \u201cCuba, camino hacia la soberan\u00eda alimentaria\u201d.<BR>Adem\u00e1s del Embajador Robustelli y de los representantes de la prensa local, intervinieron el Presidente de la C\u00e1mara de Comercio, Orlando Hern\u00e1ndez Guillen y el Director de Padova Promex Franco Conzato. Una vez concluido, fue difundido el anexo <A href=\"\/resource\/2014\/08\/80533_f_amb61ExpoNotadePrensa1.pdf\">comunicado de prensa<\/A>.<\/P><P><BR><BR><IMG border=\"0\" alt=\"expo cuba\" src=\"\/resource\/2014\/08\/80534_f_amb61expocuba1.jpg\"><\/P><br \/>\n<P>\u00a0<\/P><\/p>\n","protected":false},"excerpt":{"rendered":"El pasado 18 de julio tuvo lugar en La Habana un encuentro de presentaci\u00f3n de la participaci\u00f3n cubana en la Expo Mil\u00e1n. Cuba, que cuenta con una larga historia de participaci\u00f3n en las Exposiciones Universales, estar\u00e1 presente tambi\u00e9n en la pr\u00f3xima edici\u00f3n del 2015 en Mil\u00e1n. El Pabell\u00f3n cubano estar\u00e1 montado en el cluster Cacao [&hellip;]","protected":false},"author":1,"featured_media":0,"comment_status":"","ping_status":"","sticky":false,"template":"","format":"standard","meta":{"footnotes":""},"tags":[],"class_list":["post-1521","post","type-post","status-publish","format-standard","hentry"],"_links":{"self":[{"href":"https:\/\/amblavana.esteri.it\/es\/wp-json\/wp\/v2\/posts\/1521","targetHints":{"allow":["GET"]}}],"collection":[{"href":"https:\/\/amblavana.esteri.it\/es\/wp-json\/wp\/v2\/posts"}],"about":[{"href":"https:\/\/amblavana.esteri.it\/es\/wp-json\/wp\/v2\/types\/post"}],"author":[{"embeddable":true,"href":"https:\/\/amblavana.esteri.it\/es\/wp-json\/wp\/v2\/users\/1"}],"replies":[{"embeddable":true,"href":"https:\/\/amblavana.esteri.it\/es\/wp-json\/wp\/v2\/comments?post=1521"}],"version-history":[{"count":0,"href":"https:\/\/amblavana.esteri.it\/es\/wp-json\/wp\/v2\/posts\/1521\/revisions"}],"wp:attachment":[{"href":"https:\/\/amblavana.esteri.it\/es\/wp-json\/wp\/v2\/media?parent=1521"}],"wp:term":[{"taxonomy":"post_tag","embeddable":true,"href":"https:\/\/amblavana.esteri.it\/es\/wp-json\/wp\/v2\/tags?post=1521"}],"curies":[{"name":"wp","href":"https:\/\/api.w.org\/{rel}","templated":true}]}}