{"id":1516,"date":"2012-12-28T18:35:19","date_gmt":"2012-12-28T22:35:19","guid":{"rendered":"https:\/\/amblavana.esteri.it\/news\/dall_ambasciata\/2012\/12\/elezioni-politiche-2013-2\/"},"modified":"2012-12-28T18:35:19","modified_gmt":"2012-12-28T22:35:19","slug":"elezioni-politiche-2013-2","status":"publish","type":"post","link":"https:\/\/amblavana.esteri.it\/es\/news\/dall_ambasciata\/2012\/12\/elezioni-politiche-2013-2\/","title":{"rendered":"Comunidad de San Egidio \u2013 Oraci\u00f3n por la Paz"},"content":{"rendered":"<p><P>En ocasi\u00f3n de la conocida manifestaci\u00f3n anual de car\u00e1cter mundial, \u201cOraci\u00f3n por la Paz\u201d, que este a\u00f1o tuvo lugar en Amberes, B\u00e9lgica en conexi\u00f3n con el aniversario del centenario del inicio de la Primera Guerra Mundial, la Comunidad de San Egidio de La Habana organiz\u00f3 un encuentro interreligioso dedicado a la paz en el mundo, con el objetivo de transmitir el mensaje de las comunidades religiosos activas en el pa\u00eds.<\/P><P>El evento tuvo lugar en la Plaza de Bel\u00e9n, en el centro hist\u00f3rico de La Habana, donde est\u00e1 ubicada la sede misma de la Comunidad de San Egidio, presente y activa en Cuba desde 1992. Para concluir la manifestaci\u00f3n un grupo de ni\u00f1os distribuy\u00f3 a las autoridades cubanas y diplom\u00e1ticas presentes el mensaje de paz elaborado por los representantes de las diferentes confesiones religiosas.<\/P><br \/>\n<P>El Embajador Robustelli, presente en la manifestaci\u00f3n junto a varios colegas de otros Pa\u00edses, intervino en la tarde en un seminario organizado por la Comunidad de San Egidio bajo el t\u00edtulo \u00abLa Paz es el futuro\u00bb.<\/P><br \/>\n<P><BR><IMG border=\"0\" alt=\"locandina sant egidio\" src=\"\/resource\/2014\/09\/81519_f_amb61carteloracionxlapaz4.jpg\"><\/P><\/p>\n","protected":false},"excerpt":{"rendered":"En ocasi\u00f3n de la conocida manifestaci\u00f3n anual de car\u00e1cter mundial, \u201cOraci\u00f3n por la Paz\u201d, que este a\u00f1o tuvo lugar en Amberes, B\u00e9lgica en conexi\u00f3n con el aniversario del centenario del inicio de la Primera Guerra Mundial, la Comunidad de San Egidio de La Habana organiz\u00f3 un encuentro interreligioso dedicado a la paz en el mundo, [&hellip;]","protected":false},"author":1,"featured_media":0,"comment_status":"","ping_status":"","sticky":false,"template":"","format":"standard","meta":{"footnotes":""},"tags":[],"class_list":["post-1516","post","type-post","status-publish","format-standard","hentry"],"_links":{"self":[{"href":"https:\/\/amblavana.esteri.it\/es\/wp-json\/wp\/v2\/posts\/1516","targetHints":{"allow":["GET"]}}],"collection":[{"href":"https:\/\/amblavana.esteri.it\/es\/wp-json\/wp\/v2\/posts"}],"about":[{"href":"https:\/\/amblavana.esteri.it\/es\/wp-json\/wp\/v2\/types\/post"}],"author":[{"embeddable":true,"href":"https:\/\/amblavana.esteri.it\/es\/wp-json\/wp\/v2\/users\/1"}],"replies":[{"embeddable":true,"href":"https:\/\/amblavana.esteri.it\/es\/wp-json\/wp\/v2\/comments?post=1516"}],"version-history":[{"count":0,"href":"https:\/\/amblavana.esteri.it\/es\/wp-json\/wp\/v2\/posts\/1516\/revisions"}],"wp:attachment":[{"href":"https:\/\/amblavana.esteri.it\/es\/wp-json\/wp\/v2\/media?parent=1516"}],"wp:term":[{"taxonomy":"post_tag","embeddable":true,"href":"https:\/\/amblavana.esteri.it\/es\/wp-json\/wp\/v2\/tags?post=1516"}],"curies":[{"name":"wp","href":"https:\/\/api.w.org\/{rel}","templated":true}]}}