{"id":1505,"date":"2013-06-13T15:32:30","date_gmt":"2013-06-13T19:32:30","guid":{"rendered":"https:\/\/amblavana.esteri.it\/news\/dall_ambasciata\/2013\/06\/cici-2013-3\/"},"modified":"2013-06-13T15:32:30","modified_gmt":"2013-06-13T19:32:30","slug":"cici-2013-3","status":"publish","type":"post","link":"https:\/\/amblavana.esteri.it\/es\/news\/dall_ambasciata\/2013\/06\/cici-2013-3\/","title":{"rendered":"COMITE&#8217; EMPRESARIAL CUBA ITALIA"},"content":{"rendered":"<p><P>El pasado 6 de junio se desarroll\u00f3 en La Habana la segunda sesi\u00f3n del Comit\u00e9 Empresarial Cuba Italia. En el evento, al cual asistieron numerosos empresarios italianos y representantes de empresas e instituciones cubanas, intervinieron los Presidentes de las Secciones italiana y cubana, Mario Cortella y Antonio Acosta, los representantes de las respectivas Secretar\u00edas, Franco Conzato, Director de Padova Promex, y Estrella Madrigal, Presidente de la \u00abC\u00e1mara de Comercio de Cuba\u00bb, as\u00ed como el Embajador Robustelli. Como conclusi\u00f3n, fue firmado un documento que traza las l\u00edneas de acci\u00f3n del Comit\u00e9 para los pr\u00f3ximos meses. (CICI 2013-2014) <\/P><P><BR><IMG border=\"0\" alt=\"CICI 2013\" src=\"\/resource\/2013\/07\/68770_f_amb61CICI2013.jpg\"><\/P><br \/>\n<P><BR><BR>Se puede descargar <A id=\"Statuto cici\" href=\"\/resource\/2013\/07\/68802_f_amb61StatutoCici.pdf\" name=\"Statuto cici\">Statuto della sezione italiana del CICI<\/A><\/P><\/p>\n","protected":false},"excerpt":{"rendered":"El pasado 6 de junio se desarroll\u00f3 en La Habana la segunda sesi\u00f3n del Comit\u00e9 Empresarial Cuba Italia. En el evento, al cual asistieron numerosos empresarios italianos y representantes de empresas e instituciones cubanas, intervinieron los Presidentes de las Secciones italiana y cubana, Mario Cortella y Antonio Acosta, los representantes de las respectivas Secretar\u00edas, Franco [&hellip;]","protected":false},"author":1,"featured_media":0,"comment_status":"","ping_status":"","sticky":false,"template":"","format":"standard","meta":{"footnotes":""},"tags":[],"class_list":["post-1505","post","type-post","status-publish","format-standard","hentry"],"_links":{"self":[{"href":"https:\/\/amblavana.esteri.it\/es\/wp-json\/wp\/v2\/posts\/1505","targetHints":{"allow":["GET"]}}],"collection":[{"href":"https:\/\/amblavana.esteri.it\/es\/wp-json\/wp\/v2\/posts"}],"about":[{"href":"https:\/\/amblavana.esteri.it\/es\/wp-json\/wp\/v2\/types\/post"}],"author":[{"embeddable":true,"href":"https:\/\/amblavana.esteri.it\/es\/wp-json\/wp\/v2\/users\/1"}],"replies":[{"embeddable":true,"href":"https:\/\/amblavana.esteri.it\/es\/wp-json\/wp\/v2\/comments?post=1505"}],"version-history":[{"count":0,"href":"https:\/\/amblavana.esteri.it\/es\/wp-json\/wp\/v2\/posts\/1505\/revisions"}],"wp:attachment":[{"href":"https:\/\/amblavana.esteri.it\/es\/wp-json\/wp\/v2\/media?parent=1505"}],"wp:term":[{"taxonomy":"post_tag","embeddable":true,"href":"https:\/\/amblavana.esteri.it\/es\/wp-json\/wp\/v2\/tags?post=1505"}],"curies":[{"name":"wp","href":"https:\/\/api.w.org\/{rel}","templated":true}]}}