{"id":1483,"date":"2014-07-25T19:09:05","date_gmt":"2014-07-25T23:09:05","guid":{"rendered":"https:\/\/amblavana.esteri.it\/news\/dall_ambasciata\/2014\/07\/la-grande-guerra-2\/"},"modified":"2014-07-25T19:09:05","modified_gmt":"2014-07-25T23:09:05","slug":"la-grande-guerra-2","status":"publish","type":"post","link":"https:\/\/amblavana.esteri.it\/es\/news\/dall_ambasciata\/2014\/07\/la-grande-guerra-2\/","title":{"rendered":"EL SILENCIO \u2013 EL LLAMADO DE LA GRAN GUERRA"},"content":{"rendered":"<p>El 27 de julio, aniversario del \u00faltimo d\u00eda de paz en Europa antes de que estallase la Gran Guerra, una ola musical se propagar\u00e1 en todo el mundo. Como propuesta de Italia que, para la ocasi\u00f3n, ha invitado a trompetistas de Pa\u00edses entonces involucrados a tocar en el mismo d\u00eda desde los lugares hist\u00f3ricamente m\u00e1s significativos del conflicto, el recuerdo de los ca\u00eddos ser\u00e1 coral y tendr\u00e1 las notas del \u201c Toque del silenzio\u201d. Se trata de un debido acto de memoria y homenaje, expresado en la \u00fanica lengua universalmente compartida y reconocida: la m\u00fasica. El proyecto internacional, nacido de una idea del periodista y escritor Paolo Rumiz, tiene su direcci \u00f3n art\u00edstica en el trompetista y compositor Paolo Fresu que en Italia entonar\u00e1 el \u201cSilenzio\u201d a las 14.00 horas en el Altiplano de Folgaria. Como un lamento, la \u00faltima despedida a las victimas de la Primera Guerra Mundial se extender\u00e1 tambi\u00e9n a otras Naciones donde m\u00fasicos extranjeros tocar\u00e1n piezas de igual significado. Esta importante cita \u2013 a la que ya se han unido Reino Unido, Estados Unidos, Grecia, Portugal, Bulgaria, Hungr\u00eda, Rumania, Costa Rica, Montenegro, Rusia, Polonia y Serbia \u2013 posible gracias a la colaboraci\u00f3n del Ministerio de Asuntos Exteriores, se inserta en el programa de conmemoraciones del gobierno italiano curado por la Estructura de Misi\u00f3n para los aniversarios de inter\u00e9s nacional de la Presidencia del Consejo de Ministros. <\/p>\n","protected":false},"excerpt":{"rendered":"El 27 de julio, aniversario del \u00faltimo d\u00eda de paz en Europa antes de que estallase la Gran Guerra, una ola musical se propagar\u00e1 en todo el mundo. Como propuesta de Italia que, para la ocasi\u00f3n, ha invitado a trompetistas de Pa\u00edses entonces involucrados a tocar en el mismo d\u00eda desde los lugares hist\u00f3ricamente m\u00e1s [&hellip;]","protected":false},"author":1,"featured_media":0,"comment_status":"","ping_status":"","sticky":false,"template":"","format":"standard","meta":{"footnotes":""},"tags":[],"class_list":["post-1483","post","type-post","status-publish","format-standard","hentry"],"_links":{"self":[{"href":"https:\/\/amblavana.esteri.it\/es\/wp-json\/wp\/v2\/posts\/1483","targetHints":{"allow":["GET"]}}],"collection":[{"href":"https:\/\/amblavana.esteri.it\/es\/wp-json\/wp\/v2\/posts"}],"about":[{"href":"https:\/\/amblavana.esteri.it\/es\/wp-json\/wp\/v2\/types\/post"}],"author":[{"embeddable":true,"href":"https:\/\/amblavana.esteri.it\/es\/wp-json\/wp\/v2\/users\/1"}],"replies":[{"embeddable":true,"href":"https:\/\/amblavana.esteri.it\/es\/wp-json\/wp\/v2\/comments?post=1483"}],"version-history":[{"count":0,"href":"https:\/\/amblavana.esteri.it\/es\/wp-json\/wp\/v2\/posts\/1483\/revisions"}],"wp:attachment":[{"href":"https:\/\/amblavana.esteri.it\/es\/wp-json\/wp\/v2\/media?parent=1483"}],"wp:term":[{"taxonomy":"post_tag","embeddable":true,"href":"https:\/\/amblavana.esteri.it\/es\/wp-json\/wp\/v2\/tags?post=1483"}],"curies":[{"name":"wp","href":"https:\/\/api.w.org\/{rel}","templated":true}]}}