{"id":1477,"date":"2014-07-25T19:14:13","date_gmt":"2014-07-25T23:14:13","guid":{"rendered":"https:\/\/amblavana.esteri.it\/news\/dall_ambasciata\/2014\/07\/la-gran-guerra-2\/"},"modified":"2014-07-25T19:14:13","modified_gmt":"2014-07-25T23:14:13","slug":"la-gran-guerra-2","status":"publish","type":"post","link":"https:\/\/amblavana.esteri.it\/es\/news\/dall_ambasciata\/2014\/07\/la-gran-guerra-2\/","title":{"rendered":"Puesta en escena en Holgu\u00edn de \u201cCavalleria rusticana\u201d."},"content":{"rendered":"<p><P><FONT color=\"#000000\" face=\"Times New Roman\">El pasado 24 de julio fue representada en Holgu\u00edn la obra l\u00edrica \u201cCavalleria rusticana\u201d con la presencia del Embajador de Italia, Carmine Robustelli.<BR>El Teatro L\u00edrico \u201cRodrigo Prats\u201d y la Orquesta Sinf\u00f3nica de Holgu\u00edn, dirigida por el maestro italiano Walter Themel, presentaron la obra maestra de Pietro Mascagni. Diversos motivos de inter\u00e9s han singularizado este evento: en Holgu\u00edn no se presentaba una obra l\u00edrica desde hace 25 a\u00f1os; en Cuba, hasta ahora, la \u201cCavalleria rusticana\u201d hab\u00eda sido representada solamente en los teatros de la Capital; adem\u00e1s del Director Themel, la inauguraci\u00f3n cont\u00f3 con la presencia de otros dos brillantes artistas italianos, la soprano Lucia Premerl y la obo\u00edsta Cristina De Cillia; la puesta en escena estuvo en manos de la renombrada experiencia del director teatral alem\u00e1n Andreas Baesler; \u00faltimo pero no menos importante, gracias a los subt\u00edtulos en espa\u00f1ol, el p\u00fablico pudo seguir sin dificultad el desarrollo de la obra.<BR>Al finalizar el espect\u00e1culo, el Embajador Robustelli elogi\u00f3 a todos los int\u00e9rpretes por el notable nivel art\u00edstico y reiter\u00f3 que la colaboraci\u00f3n entre la entidad de Holgu\u00edn y la Embajada de Italia, iniciada el pasado a\u00f1o en ocasi\u00f3n de las Celebraciones Verdianas, proseguir\u00e1 tambi\u00e9n en el pr\u00f3ximo mes de noviembre con la presencia, ya anunciada, de la mezzosoprano Luciana D\u2019Intino.<BR><BR><BR>\u00a0<\/P><\/FONT><\/p>\n","protected":false},"excerpt":{"rendered":"El pasado 24 de julio fue representada en Holgu\u00edn la obra l\u00edrica \u201cCavalleria rusticana\u201d con la presencia del Embajador de Italia, Carmine Robustelli.El Teatro L\u00edrico \u201cRodrigo Prats\u201d y la Orquesta Sinf\u00f3nica de Holgu\u00edn, dirigida por el maestro italiano Walter Themel, presentaron la obra maestra de Pietro Mascagni. Diversos motivos de inter\u00e9s han singularizado este evento: [&hellip;]","protected":false},"author":1,"featured_media":0,"comment_status":"","ping_status":"","sticky":false,"template":"","format":"standard","meta":{"footnotes":""},"tags":[],"class_list":["post-1477","post","type-post","status-publish","format-standard","hentry"],"_links":{"self":[{"href":"https:\/\/amblavana.esteri.it\/es\/wp-json\/wp\/v2\/posts\/1477","targetHints":{"allow":["GET"]}}],"collection":[{"href":"https:\/\/amblavana.esteri.it\/es\/wp-json\/wp\/v2\/posts"}],"about":[{"href":"https:\/\/amblavana.esteri.it\/es\/wp-json\/wp\/v2\/types\/post"}],"author":[{"embeddable":true,"href":"https:\/\/amblavana.esteri.it\/es\/wp-json\/wp\/v2\/users\/1"}],"replies":[{"embeddable":true,"href":"https:\/\/amblavana.esteri.it\/es\/wp-json\/wp\/v2\/comments?post=1477"}],"version-history":[{"count":0,"href":"https:\/\/amblavana.esteri.it\/es\/wp-json\/wp\/v2\/posts\/1477\/revisions"}],"wp:attachment":[{"href":"https:\/\/amblavana.esteri.it\/es\/wp-json\/wp\/v2\/media?parent=1477"}],"wp:term":[{"taxonomy":"post_tag","embeddable":true,"href":"https:\/\/amblavana.esteri.it\/es\/wp-json\/wp\/v2\/tags?post=1477"}],"curies":[{"name":"wp","href":"https:\/\/api.w.org\/{rel}","templated":true}]}}