{"id":1454,"date":"2016-09-27T18:31:48","date_gmt":"2016-09-27T22:31:48","guid":{"rendered":"https:\/\/amblavana.esteri.it\/news\/dall_ambasciata\/2016\/09\/firmato-l-accordo-fra-italia-e-2\/"},"modified":"2016-09-27T18:31:48","modified_gmt":"2016-09-27T22:31:48","slug":"firmato-l-accordo-fra-italia-e-2","status":"publish","type":"post","link":"https:\/\/amblavana.esteri.it\/es\/news\/dall_ambasciata\/2016\/09\/firmato-l-accordo-fra-italia-e-2\/","title":{"rendered":"Firman Cuba e Italia acuerdos para la regularizaci\u00f3n de la deuda bilateral"},"content":{"rendered":"<p><strong>Se firmaron cuatro acuerdos que en su conjunto regularizan la situaci\u00f3n de los adeudos y ambas partes subrayaron las potencialidades que existen para la cooperaci\u00f3n en los sectores econ\u00f3mico-comercial y de inversiones.<\/strong><\/p>\n<p>Ricardo Cabrisas Ruiz, Vicepresidente del Consejo de Ministros, recibi\u00f3 este martes a los se\u00f1ores Mario Giro e Ivan Scalfarotto, Vice\u00administro de Asuntos Exteriores y Coo\u00adperaci\u00f3n Internacional y Subsecretario de Desarrollo Econ\u00f3mico, respectivamente, del Ministerio de Desarrollo Econ\u00f3mico de la Rep\u00fablica Ita\u00adliana.<\/p>\n<p>Durante el encuentro, y como parte del proceso de instrumentaci\u00f3n del Acuerdo Mul\u00adtilateral suscrito entre nuestro pa\u00eds y el Grupo Ad-Hoc de Pa\u00edses Acreedores de Cuba en el Club de Par\u00eds, se firmaron cuatro acuerdos que en su conjunto regularizan la situaci\u00f3n de los adeudos, e incluyen el Acuerdo general para la reestructuraci\u00f3n de la deuda a mediano y largo plazos; el Acuerdo sobre la deuda asociada a la Ayuda Oficial al Desarrollo, el Acuerdo sobre la deuda contra\u00edda con la Agencia italiana de Seguros al Cr\u00e9dito del Exportador (SACE) y el Acuerdo relativo a la creaci\u00f3n de un Comit\u00e9 Binacional Cuba-Italia.<\/p>\n<p>De esta forma, se ha logrado regularizar completamente la deuda a mediano y largo plazos con doce de los catorce pa\u00edses miembros del Grupo Ad-Hoc del Club de Par\u00eds, lo que abre nuevas oportunidades de financiamiento a proyectos vinculados con los planes de desa\u00adrrollo econ\u00f3mico y social en Cuba.<\/p>\n<p>Durante el intercambio, ambas partes destacaron el positivo estado de las relaciones bilaterales, que han continuado su desarrollo como resultado de la visita oficial a Cuba del Presidente del Consejo de Ministros Sr. Matteo Renzi, en octubre del pasado a\u00f1o, y subrayaron las potencialidades que existen para su intensificaci\u00f3n en los sectores econ\u00f3mico-comercial, de inversiones y cooperaci\u00f3n.<\/p>\n<p>Participaron adem\u00e1s por la parte italiana, entre otros, el Sr. Alessandro Decio, CEO-Ad\u00administrador Delegado de SACE y el Embajador de Italia en Cuba, Carmine Robustelli.<\/p>\n<p>Por la parte cubana estuvieron presentes Al\u00adba Soto Pimentel, Embajadora de Cuba en Italia; Amelia Morales Dom\u00ednguez, Vice\u00admi\u00adnistra del Ministerio de Econom\u00eda y Plani\u00adficaci\u00f3n; Aleida Gonz\u00e1lez Mesidor, Vice\u00adpre\u00adsidenta del Banco Nacional de Cuba; Yami\u00adla Fern\u00e1ndez del Busto, Directora Ge\u00adneral del Ministerio del Comercio Exterior y la Inversi\u00f3n Extranjera; Elio Ro\u00addr\u00ed\u00adguez Perdomo y Manuel P\u00edrez P\u00e9rez, Direc\u00adtores de Europa y Canad\u00e1 y Derecho Inter\u00adnacional, respectivamente, del Ministerio de Relaciones Ex\u00adteriores, entre otros funcionarios.<\/p>\n","protected":false},"excerpt":{"rendered":"Se firmaron cuatro acuerdos que en su conjunto regularizan la situaci\u00f3n de los adeudos y ambas partes subrayaron las potencialidades que existen para la cooperaci\u00f3n en los sectores econ\u00f3mico-comercial y de inversiones. Ricardo Cabrisas Ruiz, Vicepresidente del Consejo de Ministros, recibi\u00f3 este martes a los se\u00f1ores Mario Giro e Ivan Scalfarotto, Vice\u00administro de Asuntos Exteriores [&hellip;]","protected":false},"author":1,"featured_media":0,"comment_status":"","ping_status":"","sticky":false,"template":"","format":"standard","meta":{"footnotes":""},"tags":[],"class_list":["post-1454","post","type-post","status-publish","format-standard","hentry"],"_links":{"self":[{"href":"https:\/\/amblavana.esteri.it\/es\/wp-json\/wp\/v2\/posts\/1454","targetHints":{"allow":["GET"]}}],"collection":[{"href":"https:\/\/amblavana.esteri.it\/es\/wp-json\/wp\/v2\/posts"}],"about":[{"href":"https:\/\/amblavana.esteri.it\/es\/wp-json\/wp\/v2\/types\/post"}],"author":[{"embeddable":true,"href":"https:\/\/amblavana.esteri.it\/es\/wp-json\/wp\/v2\/users\/1"}],"replies":[{"embeddable":true,"href":"https:\/\/amblavana.esteri.it\/es\/wp-json\/wp\/v2\/comments?post=1454"}],"version-history":[{"count":0,"href":"https:\/\/amblavana.esteri.it\/es\/wp-json\/wp\/v2\/posts\/1454\/revisions"}],"wp:attachment":[{"href":"https:\/\/amblavana.esteri.it\/es\/wp-json\/wp\/v2\/media?parent=1454"}],"wp:term":[{"taxonomy":"post_tag","embeddable":true,"href":"https:\/\/amblavana.esteri.it\/es\/wp-json\/wp\/v2\/tags?post=1454"}],"curies":[{"name":"wp","href":"https:\/\/api.w.org\/{rel}","templated":true}]}}