{"id":1448,"date":"2016-09-27T21:58:23","date_gmt":"2016-09-28T01:58:23","guid":{"rendered":"https:\/\/amblavana.esteri.it\/news\/dall_ambasciata\/2016\/09\/il-ministro-calenda-e-il-ministro-2\/"},"modified":"2016-09-27T21:58:23","modified_gmt":"2016-09-28T01:58:23","slug":"il-ministro-calenda-e-il-ministro-2","status":"publish","type":"post","link":"https:\/\/amblavana.esteri.it\/es\/news\/dall_ambasciata\/2016\/09\/il-ministro-calenda-e-il-ministro-2\/","title":{"rendered":"Los Ministros Calenda y Malmierca inauguran la quinta Sessi\u00f2n del Comit\u00e9 Empresarial Cuba &#8211; Italia"},"content":{"rendered":"<p>El Ministro de Desarrollo Economico de Italia, Carlo Calenda, y el Ministro del Comercio Exterior y la Inversion Extranjera, Rodrigo Malmierca, han inaugurado en Roma la quinta session del Comit\u00e9 Empresarial Cuba &#8211; Italia.<\/p>\n<p>En la reuni\u00f2n, que se celebr\u00f2 en la sede de ICE-Agenzia en Roma, particip\u00f2 un gran numero de empresas italianas que operan en Cuba o que est\u00e0n enteresadas en las posibilidades de comerciar con o invertir en la Isla.<\/p>\n","protected":false},"excerpt":{"rendered":"El Ministro de Desarrollo Economico de Italia, Carlo Calenda, y el Ministro del Comercio Exterior y la Inversion Extranjera, Rodrigo Malmierca, han inaugurado en Roma la quinta session del Comit\u00e9 Empresarial Cuba &#8211; Italia. En la reuni\u00f2n, que se celebr\u00f2 en la sede de ICE-Agenzia en Roma, particip\u00f2 un gran numero de empresas italianas que [&hellip;]","protected":false},"author":1,"featured_media":0,"comment_status":"","ping_status":"","sticky":false,"template":"","format":"standard","meta":{"footnotes":""},"tags":[],"class_list":["post-1448","post","type-post","status-publish","format-standard","hentry"],"_links":{"self":[{"href":"https:\/\/amblavana.esteri.it\/es\/wp-json\/wp\/v2\/posts\/1448","targetHints":{"allow":["GET"]}}],"collection":[{"href":"https:\/\/amblavana.esteri.it\/es\/wp-json\/wp\/v2\/posts"}],"about":[{"href":"https:\/\/amblavana.esteri.it\/es\/wp-json\/wp\/v2\/types\/post"}],"author":[{"embeddable":true,"href":"https:\/\/amblavana.esteri.it\/es\/wp-json\/wp\/v2\/users\/1"}],"replies":[{"embeddable":true,"href":"https:\/\/amblavana.esteri.it\/es\/wp-json\/wp\/v2\/comments?post=1448"}],"version-history":[{"count":0,"href":"https:\/\/amblavana.esteri.it\/es\/wp-json\/wp\/v2\/posts\/1448\/revisions"}],"wp:attachment":[{"href":"https:\/\/amblavana.esteri.it\/es\/wp-json\/wp\/v2\/media?parent=1448"}],"wp:term":[{"taxonomy":"post_tag","embeddable":true,"href":"https:\/\/amblavana.esteri.it\/es\/wp-json\/wp\/v2\/tags?post=1448"}],"curies":[{"name":"wp","href":"https:\/\/api.w.org\/{rel}","templated":true}]}}