{"id":1435,"date":"2016-11-09T22:11:32","date_gmt":"2016-11-10T02:11:32","guid":{"rendered":"https:\/\/amblavana.esteri.it\/news\/dall_ambasciata\/2016\/11\/presentazione-delle-lettere-credenziali-2\/"},"modified":"2016-11-09T22:11:32","modified_gmt":"2016-11-10T02:11:32","slug":"presentazione-delle-lettere-credenziali-2","status":"publish","type":"post","link":"https:\/\/amblavana.esteri.it\/es\/news\/dall_ambasciata\/2016\/11\/presentazione-delle-lettere-credenziali-2\/","title":{"rendered":"Precentacion de las Cartas Credenciales del Emb. Ferrari"},"content":{"rendered":"<p>El 10 de noviembre el Embajador Andrea Ferrari present\u00f3 al Vicepresidente del Consejo de Estado Salvador Vald\u00e9s Mesa las Cartas Credenciales firmadas por el Presidente de la Rep\u00fablica Sergio Mattarella, con las que se acredita como Embajador Extraordinario y Plenipotenciario en la Rep\u00fablica de Cuba. Sucesivamente, deposit\u00f3 una corona de flores en el Memorial dedicado a Jos\u00e9 Mart\u00ed, h\u00e9roe nacional cubano.<\/p>\n<p>Durante la ceremonia el Embajador Ferrari estuvo acompa\u00f1ado por su esposa, Maria Grazia Mattarella, el funcionario vicario de la Embajada, Consejero Tancredi Francese, y por el Director de la Oficina ICE, Dr. Mauro De Tommasi.<\/p>\n","protected":false},"excerpt":{"rendered":"El 10 de noviembre el Embajador Andrea Ferrari present\u00f3 al Vicepresidente del Consejo de Estado Salvador Vald\u00e9s Mesa las Cartas Credenciales firmadas por el Presidente de la Rep\u00fablica Sergio Mattarella, con las que se acredita como Embajador Extraordinario y Plenipotenciario en la Rep\u00fablica de Cuba. Sucesivamente, deposit\u00f3 una corona de flores en el Memorial dedicado [&hellip;]","protected":false},"author":1,"featured_media":0,"comment_status":"","ping_status":"","sticky":false,"template":"","format":"standard","meta":{"footnotes":""},"tags":[],"class_list":["post-1435","post","type-post","status-publish","format-standard","hentry"],"_links":{"self":[{"href":"https:\/\/amblavana.esteri.it\/es\/wp-json\/wp\/v2\/posts\/1435","targetHints":{"allow":["GET"]}}],"collection":[{"href":"https:\/\/amblavana.esteri.it\/es\/wp-json\/wp\/v2\/posts"}],"about":[{"href":"https:\/\/amblavana.esteri.it\/es\/wp-json\/wp\/v2\/types\/post"}],"author":[{"embeddable":true,"href":"https:\/\/amblavana.esteri.it\/es\/wp-json\/wp\/v2\/users\/1"}],"replies":[{"embeddable":true,"href":"https:\/\/amblavana.esteri.it\/es\/wp-json\/wp\/v2\/comments?post=1435"}],"version-history":[{"count":0,"href":"https:\/\/amblavana.esteri.it\/es\/wp-json\/wp\/v2\/posts\/1435\/revisions"}],"wp:attachment":[{"href":"https:\/\/amblavana.esteri.it\/es\/wp-json\/wp\/v2\/media?parent=1435"}],"wp:term":[{"taxonomy":"post_tag","embeddable":true,"href":"https:\/\/amblavana.esteri.it\/es\/wp-json\/wp\/v2\/tags?post=1435"}],"curies":[{"name":"wp","href":"https:\/\/api.w.org\/{rel}","templated":true}]}}