{"id":1429,"date":"2016-11-14T18:48:56","date_gmt":"2016-11-14T22:48:56","guid":{"rendered":"https:\/\/amblavana.esteri.it\/news\/dall_ambasciata\/2016\/11\/conferenza-stampa-sulla-xix-settimana-2\/"},"modified":"2016-11-14T18:48:56","modified_gmt":"2016-11-14T22:48:56","slug":"conferenza-stampa-sulla-xix-settimana-2","status":"publish","type":"post","link":"https:\/\/amblavana.esteri.it\/es\/news\/dall_ambasciata\/2016\/11\/conferenza-stampa-sulla-xix-settimana-2\/","title":{"rendered":"Conferenza Stampa sulla XIX Settimana della Cultura Italiana a Cuba"},"content":{"rendered":"<p>El mi\u00e9rcoles 16 de noviembre a las 11.30 horas en la Casa Garibaldi (Callej\u00f3n Justiz # 21 e\/Oficios y Baratillo, Habana Vieja) se realizar\u00e1 una rueda de prensa para presentar el programa de la XIX Semana de la Cultura Italiana en Cuba, que tendr\u00e1 lugar del 21 al 27 de noviembre pr\u00f3ximos.<\/p>\n<p>M\u00e0s informaciones en la secci\u00f2n <a href=\"http:\/\/www.amblavana.esteri.it\/ambasciata_lavana\/es\/ambasciata\/news\/\">Sala de prensa<\/a>.<\/p>\n","protected":false},"excerpt":{"rendered":"El mi\u00e9rcoles 16 de noviembre a las 11.30 horas en la Casa Garibaldi (Callej\u00f3n Justiz # 21 e\/Oficios y Baratillo, Habana Vieja) se realizar\u00e1 una rueda de prensa para presentar el programa de la XIX Semana de la Cultura Italiana en Cuba, que tendr\u00e1 lugar del 21 al 27 de noviembre pr\u00f3ximos. M\u00e0s informaciones en [&hellip;]","protected":false},"author":1,"featured_media":0,"comment_status":"","ping_status":"","sticky":false,"template":"","format":"standard","meta":{"footnotes":""},"tags":[],"class_list":["post-1429","post","type-post","status-publish","format-standard","hentry"],"_links":{"self":[{"href":"https:\/\/amblavana.esteri.it\/es\/wp-json\/wp\/v2\/posts\/1429","targetHints":{"allow":["GET"]}}],"collection":[{"href":"https:\/\/amblavana.esteri.it\/es\/wp-json\/wp\/v2\/posts"}],"about":[{"href":"https:\/\/amblavana.esteri.it\/es\/wp-json\/wp\/v2\/types\/post"}],"author":[{"embeddable":true,"href":"https:\/\/amblavana.esteri.it\/es\/wp-json\/wp\/v2\/users\/1"}],"replies":[{"embeddable":true,"href":"https:\/\/amblavana.esteri.it\/es\/wp-json\/wp\/v2\/comments?post=1429"}],"version-history":[{"count":0,"href":"https:\/\/amblavana.esteri.it\/es\/wp-json\/wp\/v2\/posts\/1429\/revisions"}],"wp:attachment":[{"href":"https:\/\/amblavana.esteri.it\/es\/wp-json\/wp\/v2\/media?parent=1429"}],"wp:term":[{"taxonomy":"post_tag","embeddable":true,"href":"https:\/\/amblavana.esteri.it\/es\/wp-json\/wp\/v2\/tags?post=1429"}],"curies":[{"name":"wp","href":"https:\/\/api.w.org\/{rel}","templated":true}]}}