{"id":1403,"date":"2017-02-10T19:43:59","date_gmt":"2017-02-10T23:43:59","guid":{"rendered":"https:\/\/amblavana.esteri.it\/news\/dall_ambasciata\/2017\/02\/corso-origini-italia-anno-2017-2\/"},"modified":"2017-02-10T19:43:59","modified_gmt":"2017-02-10T23:43:59","slug":"corso-origini-italia-anno-2017-2","status":"publish","type":"post","link":"https:\/\/amblavana.esteri.it\/es\/news\/dall_ambasciata\/2017\/02\/corso-origini-italia-anno-2017-2\/","title":{"rendered":"Curso \u201cOrigini Italia\u201d a\u00f1o 2018 destinado a descendientes de emigrados italianos"},"content":{"rendered":"<p>Tambi\u00e9n para el a\u00f1o 2018 la MIB School of Management de Trieste, con el patrocinio del Ministerio de Asuntos Exteriores y de la Cooperaci\u00f3n Internacional y en colaboraci\u00f3n con ICE\/ITA Agencia para la promocion en el exterior y la internacionalizaci\u00f3n de las empresas italianas, promueve y organiza el curso de formaci\u00f3n administrativa <strong>\u201cOrigini Italia\u201d destinado a los j\u00f3venes descendientes de emigrados italianos residentes en el exterior, en particular en los pa\u00edses extra europeos<\/strong>.<\/p>\n<p>\u00a0<\/p>\n<p>El objetivo es aquel de favorecer la colaboraci\u00f3n entre las empresas italianas y los ciudadanos de origen italiano en el mundo, permitiendo a los participantes de conocer la tierra de origen de sus anteriores generaciones, reencontrando cultura, historia y lengua, y abordando al mismo tiempo experiencias de tipo empresarial y administrativo en colaboraci\u00f3n con importantes empresas italianas, tambi\u00e9n con vistas a la creaci\u00f3n de futuras relaciones laborales entre Italia y los Pa\u00edses de proveniencia.<\/p>\n<p>\u00a0<\/p>\n<p>La inscripci\u00f3n en el curso es gratuita y los organizadores aseguran a los participantes los costos de viaje, alojamiento y alimentaci\u00f3n durante el per\u00edodo de duraci\u00f3n de dicho curso, de 5 meses (del 29 de octubre al 6 de abril de 2019).<\/p>\n<p>\u00a0<\/p>\n<p>Informaciones m\u00e1s detalladas sobre los contenidos del curso y los requisitos de admisi\u00f3n \u2013 junto a los modelos para la inscripci\u00f3n online \u2013 se encuentran disponibles en el sitio web: <a href=\"http:\/\/mib.edu\/it\/master\/programma-origini\/origini-italia\">http:\/\/mib.edu\/it\/master\/programma-origini\/origini-italia<\/a>. <strong>El vencimiento para la presentaci\u00f3n de las solicitudes de participaci\u00f3n est\u00e1 fijado para el 31 de mayo de 2018<\/strong>.<\/p>\n<p>\u00a0<\/p>\n","protected":false},"excerpt":{"rendered":"Tambi\u00e9n para el a\u00f1o 2018 la MIB School of Management de Trieste, con el patrocinio del Ministerio de Asuntos Exteriores y de la Cooperaci\u00f3n Internacional y en colaboraci\u00f3n con ICE\/ITA Agencia para la promocion en el exterior y la internacionalizaci\u00f3n de las empresas italianas, promueve y organiza el curso de formaci\u00f3n administrativa \u201cOrigini Italia\u201d destinado [&hellip;]","protected":false},"author":1,"featured_media":0,"comment_status":"","ping_status":"","sticky":false,"template":"","format":"standard","meta":{"footnotes":""},"tags":[],"class_list":["post-1403","post","type-post","status-publish","format-standard","hentry"],"_links":{"self":[{"href":"https:\/\/amblavana.esteri.it\/es\/wp-json\/wp\/v2\/posts\/1403","targetHints":{"allow":["GET"]}}],"collection":[{"href":"https:\/\/amblavana.esteri.it\/es\/wp-json\/wp\/v2\/posts"}],"about":[{"href":"https:\/\/amblavana.esteri.it\/es\/wp-json\/wp\/v2\/types\/post"}],"author":[{"embeddable":true,"href":"https:\/\/amblavana.esteri.it\/es\/wp-json\/wp\/v2\/users\/1"}],"replies":[{"embeddable":true,"href":"https:\/\/amblavana.esteri.it\/es\/wp-json\/wp\/v2\/comments?post=1403"}],"version-history":[{"count":0,"href":"https:\/\/amblavana.esteri.it\/es\/wp-json\/wp\/v2\/posts\/1403\/revisions"}],"wp:attachment":[{"href":"https:\/\/amblavana.esteri.it\/es\/wp-json\/wp\/v2\/media?parent=1403"}],"wp:term":[{"taxonomy":"post_tag","embeddable":true,"href":"https:\/\/amblavana.esteri.it\/es\/wp-json\/wp\/v2\/tags?post=1403"}],"curies":[{"name":"wp","href":"https:\/\/api.w.org\/{rel}","templated":true}]}}