{"id":1380,"date":"2017-05-24T17:46:56","date_gmt":"2017-05-24T21:46:56","guid":{"rendered":"https:\/\/amblavana.esteri.it\/news\/dall_ambasciata\/2017\/05\/prima-riunione-dei-comitati-bi-2\/"},"modified":"2017-05-24T17:46:56","modified_gmt":"2017-05-24T21:46:56","slug":"prima-riunione-dei-comitati-bi-2","status":"publish","type":"post","link":"https:\/\/amblavana.esteri.it\/es\/news\/dall_ambasciata\/2017\/05\/prima-riunione-dei-comitati-bi-2\/","title":{"rendered":"Primera reuni\u00f3n de los Comit\u00e9 Bi-Nacionales para la gesti\u00f3n de los Fondos de Contravalor previstos por los Acuerdos Bilaterales sobre el tratamiento de la deuda"},"content":{"rendered":"<p>Presidida por la Viceministra para el Comercio Exterior y la Inversi\u00f3n Extranjera (MINCEX), Ileana Nu\u00f1ez, y por el Embajador de Italia en Cuba, Andrea Ferrari, tuvo lugar hoy en La Habana la <strong>primera reuni\u00f3n de los Comit\u00e9 Bi-Nacionales Cuba-Italia, llamados a gestionar los Fondos de Contravalor previstos por los Acuerdos bilaterales sobre el tratamiento de la deuda<\/strong> firmados en el pasado mes de julio. Por Cuba estaban presentes funcionarios del MINCEX, del Ministerio de Econom\u00eda y Planificaci\u00f3n y del Banco Nacional de Cuba; por la parte italiana participaron, en cambio, funcionarios de nuestra Embajada en La Habana, del MAECI\/DGCS, del AICS, adem\u00e1s de SACE como advisors t\u00e9cnicos.<\/p>\n<p>El trabajo iniciado por los Comit\u00e9s Bi-Nacionales es la posterior muestra tangible del fortalecimiento de las relaciones bilaterales entre Italia y Cuba llevada adelante en los \u00faltimos a\u00f1os, brindando un i<strong>nstrumento de apoyo a las empresas italianas interesadas en las inversiones y proyectos con contrapartes locales en Cuba<\/strong>. De hecho, como previsto por los Acuerdos de reestructuraci\u00f3n de la deuda concordados el a\u00f1o pasado, el Gobierno cubano est\u00e1 empe\u00f1ado en convertir parte de las deudas comerciales, por un valor de 88,6 millones de Euro, en un fondo en moneda local, destinado a financiar proyectos para el desarrollo del Pa\u00eds en el que est\u00e9n implicadas empresas italianas, preferiblemente peque\u00f1as y medianas, o joint-venture italo-cubanas.<\/p>\n<p>Junto a las oportunidades empresariales, la actuaci\u00f3n de los Acuerdos del julio pasado prev\u00e9 que los fondos provenientes de la deuda generada por programas de desarrollo a cr\u00e9dito de ayuda sean redestinados a <strong>iniciativas de cooperaci\u00f3n<\/strong>, con un total de aproximadamente 13 millones de Euros en un ulterior fondo en moneda local, para financiar proyectos destinados al desarrollo humano y socio-econ\u00f3mico sostenible de Cuba.<\/p>\n<p>Los Comit\u00e9s Bi-Nacionales se han reunido, por lo tanto, para aprobar los relativos reglamentos internos y establecer los mecanismos de acceso a los Fondos de Contravalor y los criterios para la definici\u00f3n de los proyectos elegibles por los Comit\u00e9s. En particular, como previsto por los Acuerdos sobre el tratamiento de la deuda, <strong>los recursos del Fondo de Contravalor (en los dos componentes comercial y de cooperaci\u00f3n) podr\u00e1n ser destinados a subvencionar \u2013 en moneda local \u2013 componentes de gastos para realizar en Cuba proyectos de inversi\u00f3n, industriales o de desarrollo aprobados por los dos respectivos Comit\u00e9s<\/strong>. En las pr\u00f3ximas semanas se brindar\u00e1n mayores informaciones sobre las modalidades para la presentaci\u00f3n de las propuestas por parte de las empresas interesadas.<\/p>\n","protected":false},"excerpt":{"rendered":"Presidida por la Viceministra para el Comercio Exterior y la Inversi\u00f3n Extranjera (MINCEX), Ileana Nu\u00f1ez, y por el Embajador de Italia en Cuba, Andrea Ferrari, tuvo lugar hoy en La Habana la primera reuni\u00f3n de los Comit\u00e9 Bi-Nacionales Cuba-Italia, llamados a gestionar los Fondos de Contravalor previstos por los Acuerdos bilaterales sobre el tratamiento de [&hellip;]","protected":false},"author":1,"featured_media":0,"comment_status":"","ping_status":"","sticky":false,"template":"","format":"standard","meta":{"footnotes":""},"tags":[],"class_list":["post-1380","post","type-post","status-publish","format-standard","hentry"],"_links":{"self":[{"href":"https:\/\/amblavana.esteri.it\/es\/wp-json\/wp\/v2\/posts\/1380","targetHints":{"allow":["GET"]}}],"collection":[{"href":"https:\/\/amblavana.esteri.it\/es\/wp-json\/wp\/v2\/posts"}],"about":[{"href":"https:\/\/amblavana.esteri.it\/es\/wp-json\/wp\/v2\/types\/post"}],"author":[{"embeddable":true,"href":"https:\/\/amblavana.esteri.it\/es\/wp-json\/wp\/v2\/users\/1"}],"replies":[{"embeddable":true,"href":"https:\/\/amblavana.esteri.it\/es\/wp-json\/wp\/v2\/comments?post=1380"}],"version-history":[{"count":0,"href":"https:\/\/amblavana.esteri.it\/es\/wp-json\/wp\/v2\/posts\/1380\/revisions"}],"wp:attachment":[{"href":"https:\/\/amblavana.esteri.it\/es\/wp-json\/wp\/v2\/media?parent=1380"}],"wp:term":[{"taxonomy":"post_tag","embeddable":true,"href":"https:\/\/amblavana.esteri.it\/es\/wp-json\/wp\/v2\/tags?post=1380"}],"curies":[{"name":"wp","href":"https:\/\/api.w.org\/{rel}","templated":true}]}}