{"id":1330,"date":"2017-12-21T23:19:45","date_gmt":"2017-12-22T03:19:45","guid":{"rendered":"https:\/\/amblavana.esteri.it\/news\/dall_ambasciata\/2017\/12\/informazioni-per-le-imprese-interessate-2\/"},"modified":"2017-12-21T23:19:45","modified_gmt":"2017-12-22T03:19:45","slug":"informazioni-per-le-imprese-interessate-2","status":"publish","type":"post","link":"https:\/\/amblavana.esteri.it\/es\/news\/dall_ambasciata\/2017\/12\/informazioni-per-le-imprese-interessate-2\/","title":{"rendered":"Informaciones para las empresas interesadas en acceder a los financiamientos previstos por los Acuerdos sobre la deuda entre Italia y Cuba"},"content":{"rendered":"<p>En el \u00e1mbito del trabajo de los Comit\u00e9s Bi-Nacionales Cuba-Italia llamados a gestionar los Fondos de Contravalor previstos por los Acuerdos bilaterales sobre la liquidaci\u00f3n del d\u00e9bito, ha sido elaborado <strong>un modelo con las informaciones que las empresas interesadas en solicitar un financiamiento deber\u00e1n incluir en su propia propuesta<\/strong>.<\/p>\n<p>Se recuerda que se trata de un fondo en moneda local, gestionado por un Comit\u00e9 mixto, <strong>destinado a financiar proyectos estrat\u00e9gicos para el desarrollo de Cuba en los que est\u00e9n involucradas empresas italianas<\/strong>, preferiblemente de peque\u00f1a y media dimensi\u00f3n, o mixtas italo-cubanas.<\/p>\n<p>Los recursos pueden entonces ser destinados a subvencionar \u2013 en moneda local \u2013<strong> componentes de gastos a efectuarse en Cuba de proyectos de inversi\u00f3n, industriales o de desarrollo<\/strong>. Por ejemplo, pueden ser admisibles los siguientes tipos de gasto:<br \/>&#8211; uso de un terreno y\/o de una nave industrial;<br \/>&#8211; construcci\u00f3n de una nave industrial;<br \/>&#8211; instalaci\u00f3n de infraestructuras y seguridad;<br \/>&#8211; muebles y equipamiento;<br \/>&#8211; costos de mantenimiento (tambi\u00e9n de maquinarias y naves);<br \/>&#8211; asesoramientos (ej. Valoraci\u00f3n t\u00e9cnica y de mercado, valoraci\u00f3n ambiental, asistencia legal, asistencia fiscal);<br \/>&#8211; transporte de maquinarias sobre territorio de Cuba;<br \/>&#8211; adquisici\u00f3n de materias primas disponibles en plaza.<\/p>\n<p>Las <strong>propuestas de las empresas interesadas<\/strong> pueden ser enviadas por correo electr\u00f3nico a la Oficina Comercial de la Embajada (ambasciata.avana@esteri.it y commerciale.ambavana@esteri.it), y a la Direccion General para la Economia del MINCEX (yamila.fernandez@mincex.cu y leniuska.garcia@mincex.cu).<\/p>\n","protected":false},"excerpt":{"rendered":"En el \u00e1mbito del trabajo de los Comit\u00e9s Bi-Nacionales Cuba-Italia llamados a gestionar los Fondos de Contravalor previstos por los Acuerdos bilaterales sobre la liquidaci\u00f3n del d\u00e9bito, ha sido elaborado un modelo con las informaciones que las empresas interesadas en solicitar un financiamiento deber\u00e1n incluir en su propia propuesta. Se recuerda que se trata de [&hellip;]","protected":false},"author":1,"featured_media":0,"comment_status":"","ping_status":"","sticky":false,"template":"","format":"standard","meta":{"footnotes":""},"tags":[],"class_list":["post-1330","post","type-post","status-publish","format-standard","hentry"],"_links":{"self":[{"href":"https:\/\/amblavana.esteri.it\/es\/wp-json\/wp\/v2\/posts\/1330","targetHints":{"allow":["GET"]}}],"collection":[{"href":"https:\/\/amblavana.esteri.it\/es\/wp-json\/wp\/v2\/posts"}],"about":[{"href":"https:\/\/amblavana.esteri.it\/es\/wp-json\/wp\/v2\/types\/post"}],"author":[{"embeddable":true,"href":"https:\/\/amblavana.esteri.it\/es\/wp-json\/wp\/v2\/users\/1"}],"replies":[{"embeddable":true,"href":"https:\/\/amblavana.esteri.it\/es\/wp-json\/wp\/v2\/comments?post=1330"}],"version-history":[{"count":0,"href":"https:\/\/amblavana.esteri.it\/es\/wp-json\/wp\/v2\/posts\/1330\/revisions"}],"wp:attachment":[{"href":"https:\/\/amblavana.esteri.it\/es\/wp-json\/wp\/v2\/media?parent=1330"}],"wp:term":[{"taxonomy":"post_tag","embeddable":true,"href":"https:\/\/amblavana.esteri.it\/es\/wp-json\/wp\/v2\/tags?post=1330"}],"curies":[{"name":"wp","href":"https:\/\/api.w.org\/{rel}","templated":true}]}}