{"id":1303,"date":"2018-02-13T21:31:36","date_gmt":"2018-02-14T01:31:36","guid":{"rendered":"https:\/\/amblavana.esteri.it\/news\/dall_ambasciata\/2018\/02\/italia-e-undp-per-il-decentramento-2\/"},"modified":"2018-02-13T21:31:36","modified_gmt":"2018-02-14T01:31:36","slug":"italia-e-undp-per-il-decentramento-2","status":"publish","type":"post","link":"https:\/\/amblavana.esteri.it\/es\/news\/dall_ambasciata\/2018\/02\/italia-e-undp-per-il-decentramento-2\/","title":{"rendered":"ITALIA y el PNUD por la descentralizaci\u00f3n territorial en Cuba."},"content":{"rendered":"<p>Tuvo lugar el 13 de febrero de 2018 la firma del Acuerdo de financiamiento con el cual el Gobierno italiano ha ratificado su<br \/>compromiso por la descentralizaci\u00f3n territorial y administrativa en Cuba, a trav\u00e9s\u00a0de la participaci\u00f3n en la Plataforma Articulada para el Desarrollo Integral del Territorio (PADIT), Programa gestionado por el PNUD y por el Gobierno cubano que tiene como objetivos cruciales la descentralizaci\u00f3n pol\u00edtico administrativa y la\u00a0actualizaci\u00f3n del sistema econ\u00f3mico y social del Pa\u00eds.<\/p>\n<p>Luego de concluir el Acuerdo, firmado en la Residencia de Italia por el Embajador Andrea Ferrari y por la Representante Pa\u00eds PNUD<br \/>Consuelo Vidal, el Gobierno italiano contribuir\u00e1 con 1.800.000 Euros a las actividades del PADIT, apoyando numerosos nuevos municipios del Pa\u00eds en la definici\u00f3n aut\u00f3noma de sus primeras actividades de desarrollo socio-econ\u00f3mico sostenible.<\/p>\n<p>Teniendo en cuenta la relevancia que la iniciativa ha asumido para Cuba, de la acci\u00f3n de leadership del PNUD y de las prioridades<br \/>que el Gobierno cubano ha demostrado concederle a la iniciativa, Italia decidi\u00f3 reiterar su participaci\u00f3n al programa ampliando tambi\u00e9n su propio focus de intervenci\u00f3n, que incluye ahora \u2013 adem\u00e1s de las 5 provincias orientales \u2013 tambi\u00e9n las dos nuevas provincias de La Habana y Sancti Spiritus.<\/p>\n<p>El nuevo compromiso italiano en favor del PADIT llega un a\u00f1o despu\u00e9s de la firma del primer Acuerdo de financiamiento al Programa, cuando el Gobierno italiano hab\u00eda iniciado la colaboraci\u00f3n con el PNUD en materia de descentralizaci\u00f3n administrativa y territorial con una primera contribuci\u00f3n de 600.000 Euros, y confirma el car\u00e1cter de Pa\u00eds prioritario atribuido a Cuba por la Cooperaci\u00f3n<br \/>italiana.<\/p>\n<p>\u00a0<\/p>\n<p><a href=\"http:\/\/www.cu.undp.org\/content\/cuba\/es\/home\/presscenter\/articles\/2018\/02\/13\/la-cooperaci-n-italiana-fortalece-su-participaci-n-en-.html\">http:\/\/www.cu.undp.org\/content\/cuba\/es\/home\/presscenter\/articles\/2018\/02\/13\/la-cooperaci-n-italiana-fortalece-su-participaci-n-en-.html<\/a><\/p>\n<p>\u00a0<\/p>\n<p>\u00a0<\/p>\n","protected":false},"excerpt":{"rendered":"Tuvo lugar el 13 de febrero de 2018 la firma del Acuerdo de financiamiento con el cual el Gobierno italiano ha ratificado sucompromiso por la descentralizaci\u00f3n territorial y administrativa en Cuba, a trav\u00e9s\u00a0de la participaci\u00f3n en la Plataforma Articulada para el Desarrollo Integral del Territorio (PADIT), Programa gestionado por el PNUD y por el Gobierno [&hellip;]","protected":false},"author":1,"featured_media":0,"comment_status":"","ping_status":"","sticky":false,"template":"","format":"standard","meta":{"footnotes":""},"tags":[],"class_list":["post-1303","post","type-post","status-publish","format-standard","hentry"],"_links":{"self":[{"href":"https:\/\/amblavana.esteri.it\/es\/wp-json\/wp\/v2\/posts\/1303","targetHints":{"allow":["GET"]}}],"collection":[{"href":"https:\/\/amblavana.esteri.it\/es\/wp-json\/wp\/v2\/posts"}],"about":[{"href":"https:\/\/amblavana.esteri.it\/es\/wp-json\/wp\/v2\/types\/post"}],"author":[{"embeddable":true,"href":"https:\/\/amblavana.esteri.it\/es\/wp-json\/wp\/v2\/users\/1"}],"replies":[{"embeddable":true,"href":"https:\/\/amblavana.esteri.it\/es\/wp-json\/wp\/v2\/comments?post=1303"}],"version-history":[{"count":0,"href":"https:\/\/amblavana.esteri.it\/es\/wp-json\/wp\/v2\/posts\/1303\/revisions"}],"wp:attachment":[{"href":"https:\/\/amblavana.esteri.it\/es\/wp-json\/wp\/v2\/media?parent=1303"}],"wp:term":[{"taxonomy":"post_tag","embeddable":true,"href":"https:\/\/amblavana.esteri.it\/es\/wp-json\/wp\/v2\/tags?post=1303"}],"curies":[{"name":"wp","href":"https:\/\/api.w.org\/{rel}","templated":true}]}}