{"id":1284,"date":"2018-05-28T16:35:15","date_gmt":"2018-05-28T20:35:15","guid":{"rendered":"https:\/\/amblavana.esteri.it\/news\/dall_ambasciata\/2018\/05\/viii-festival-di-teatro-femminile-2\/"},"modified":"2018-05-28T16:35:15","modified_gmt":"2018-05-28T20:35:15","slug":"viii-festival-di-teatro-femminile-2","status":"publish","type":"post","link":"https:\/\/amblavana.esteri.it\/es\/news\/dall_ambasciata\/2018\/05\/viii-festival-di-teatro-femminile-2\/","title":{"rendered":"VIII Festival Internacional de Teatro Femenino \u201cLa Escritura de la\/s diferencia\/s\u201d"},"content":{"rendered":"<p>Se celebrar\u00e1 en La Habana del 1\u00b0 al 10 de junio, con el apoyo de la Embajada de Italia en La Habana, el <strong>VIII Festival Internacional de Teatro Femenino \u201cLa Escritura de la\/s diferencia\/s\u201d<\/strong>.<\/p>\n<p>El Festival es un concurso internacional de dramaturgia femenina que se articula en varias fases: creaci\u00f3n y oficializaci\u00f3n del jurado, promoci\u00f3n y divulgaci\u00f3n de la convocatoria, selecci\u00f3n de las obras ganadoras \u2013 una por cada pa\u00eds participante, &#8211; traducci\u00f3n y publicaci\u00f3n de las obras ganadoras. Concluye el proyecto con puestas en escenas a cargo de compa\u00f1\u00edas teatrales profesionales que se presentan durante el Festival.<\/p>\n<p>\u00a0<\/p>\n<p>Dentro del Festival, se se\u00f1alan dos espect\u00e1culos donde Italia est\u00e1 espec\u00edficamente representada:<\/p>\n<p>&#8211; <strong>Y tu alma ser\u00e1 sanada<\/strong>, de Sonia Antinori (Italia), Dir. Irene Borges (Cuba).<\/p>\n<p>Con esta obra hermos\u00edsima, la autora nos pone a reflexionar sobre temas universales y de urgencia para distintas generaciones. Nos plantea conflictos muy delicados y nos obliga a hacernos preguntas profundas. Los actores del Espacio Teatral Aldaba hacen suyos los diversos conflictos que atraviesan los personajes y sus complejidades psicol\u00f3gicas.<\/p>\n<p><span style=\"text-decoration: underline;\">S\u00e1bado 2 de junio a las 8,30 pm en la sala Tito Junco del Centro Cultural Bertolt Brecht.<\/span><\/p>\n<p>\u00a0<\/p>\n<p>&#8211; <strong>La sombra protectora<\/strong>, de Teresa Melo (Cuba), Dir. Alina Narciso (Italia).<\/p>\n<p>El universo po\u00e9tico de Teresa Melo es un tejido de palabras que como hilos crean tapices de mundos imaginarios. Aprovechando la polisemia de su poes\u00eda, esta obra abre las puertas a esa \u201ccasa-mundo\u201d que es todo un universo poetico, donde se entra en punta de pie, para luego acomodarse y finalmente entrar nuestra \u201csombra protectora\u201d.<\/p>\n<p><span style=\"text-decoration: underline;\">S\u00e1bado 9 de junio a las 8,30 pm en la sala Tito Junco del Centro Cultural Bertolt Brecht<\/span><\/p>\n<p>\u00a0<\/p>\n<p>M\u00e1s informaciones sobre el Festival en la pagina web <a href=\"http:\/\/www.laescrituradeladiferencia.org\">www.laescrituradeladiferencia.org<\/a> y en facebook <a href=\"http:\/\/www.facebook.com\/laescrituradelasdiferencia\">www.facebook.com\/laescrituradelasdiferencia<\/a>.<\/p>\n","protected":false},"excerpt":{"rendered":"Se celebrar\u00e1 en La Habana del 1\u00b0 al 10 de junio, con el apoyo de la Embajada de Italia en La Habana, el VIII Festival Internacional de Teatro Femenino \u201cLa Escritura de la\/s diferencia\/s\u201d. El Festival es un concurso internacional de dramaturgia femenina que se articula en varias fases: creaci\u00f3n y oficializaci\u00f3n del jurado, promoci\u00f3n [&hellip;]","protected":false},"author":1,"featured_media":0,"comment_status":"","ping_status":"","sticky":false,"template":"","format":"standard","meta":{"footnotes":""},"tags":[],"class_list":["post-1284","post","type-post","status-publish","format-standard","hentry"],"_links":{"self":[{"href":"https:\/\/amblavana.esteri.it\/es\/wp-json\/wp\/v2\/posts\/1284","targetHints":{"allow":["GET"]}}],"collection":[{"href":"https:\/\/amblavana.esteri.it\/es\/wp-json\/wp\/v2\/posts"}],"about":[{"href":"https:\/\/amblavana.esteri.it\/es\/wp-json\/wp\/v2\/types\/post"}],"author":[{"embeddable":true,"href":"https:\/\/amblavana.esteri.it\/es\/wp-json\/wp\/v2\/users\/1"}],"replies":[{"embeddable":true,"href":"https:\/\/amblavana.esteri.it\/es\/wp-json\/wp\/v2\/comments?post=1284"}],"version-history":[{"count":0,"href":"https:\/\/amblavana.esteri.it\/es\/wp-json\/wp\/v2\/posts\/1284\/revisions"}],"wp:attachment":[{"href":"https:\/\/amblavana.esteri.it\/es\/wp-json\/wp\/v2\/media?parent=1284"}],"wp:term":[{"taxonomy":"post_tag","embeddable":true,"href":"https:\/\/amblavana.esteri.it\/es\/wp-json\/wp\/v2\/tags?post=1284"}],"curies":[{"name":"wp","href":"https:\/\/api.w.org\/{rel}","templated":true}]}}