{"id":1214,"date":"2019-06-07T16:30:41","date_gmt":"2019-06-07T20:30:41","guid":{"rendered":"https:\/\/amblavana.esteri.it\/news\/dall_ambasciata\/2019\/06\/celebrazione-della-festa-nazionale-2\/"},"modified":"2019-06-07T16:30:41","modified_gmt":"2019-06-07T20:30:41","slug":"celebrazione-della-festa-nazionale-2","status":"publish","type":"post","link":"https:\/\/amblavana.esteri.it\/es\/news\/dall_ambasciata\/2019\/06\/celebrazione-della-festa-nazionale-2\/","title":{"rendered":"Celebraci\u00f3n de la Fiesta Nacional del 2 de junio. El Embajador Andrea Ferrari recuerda la importancia de la cooperaci\u00f3n entre Italia y Cuba en el a\u00f1o de los 500 a\u00f1os de la fundaci\u00f3n de la Capital"},"content":{"rendered":"<p>En su discurso de apertura de la celebraci\u00f3n de la Fiesta Nacional del 2 de junio, que tuvo lugar este a\u00f1o en el Sal\u00f3n de Protocolo del Laguito de La Habana, el Embajador de Italia Andrea Ferrari record\u00f3 como Cuba representa para nuestro Pa\u00eds un socio importante, con<br \/>el cual prosigue la colaboraci\u00f3n dirigida a favorecer el desarrollo de las relaciones bilaterales, explorando siempre nuevos caminos. En el marco de la cooperaci\u00f3n bilateral al desarrollo, el Embajador tuvo presente, por ejemplo, las iniciativas en el sector de la tutela del medio ambiente, de las energ\u00edas renovables, de la seguridad alimentaria, de la recuperaci\u00f3n del patrimonio hist\u00f3rico y arquitect\u00f3nico del Pa\u00eds, as\u00ed como la igualdad de g\u00e9nero. El Embajador evoc\u00f3 como Italia se une a los ciudadanos cubanos en la conmemoraci\u00f3n este a\u00f1o de los 500 a\u00f1os de la fundaci\u00f3n de la Capital.<\/p>\n","protected":false},"excerpt":{"rendered":"En su discurso de apertura de la celebraci\u00f3n de la Fiesta Nacional del 2 de junio, que tuvo lugar este a\u00f1o en el Sal\u00f3n de Protocolo del Laguito de La Habana, el Embajador de Italia Andrea Ferrari record\u00f3 como Cuba representa para nuestro Pa\u00eds un socio importante, conel cual prosigue la colaboraci\u00f3n dirigida a favorecer [&hellip;]","protected":false},"author":1,"featured_media":0,"comment_status":"","ping_status":"","sticky":false,"template":"","format":"standard","meta":{"footnotes":""},"tags":[],"class_list":["post-1214","post","type-post","status-publish","format-standard","hentry"],"_links":{"self":[{"href":"https:\/\/amblavana.esteri.it\/es\/wp-json\/wp\/v2\/posts\/1214","targetHints":{"allow":["GET"]}}],"collection":[{"href":"https:\/\/amblavana.esteri.it\/es\/wp-json\/wp\/v2\/posts"}],"about":[{"href":"https:\/\/amblavana.esteri.it\/es\/wp-json\/wp\/v2\/types\/post"}],"author":[{"embeddable":true,"href":"https:\/\/amblavana.esteri.it\/es\/wp-json\/wp\/v2\/users\/1"}],"replies":[{"embeddable":true,"href":"https:\/\/amblavana.esteri.it\/es\/wp-json\/wp\/v2\/comments?post=1214"}],"version-history":[{"count":0,"href":"https:\/\/amblavana.esteri.it\/es\/wp-json\/wp\/v2\/posts\/1214\/revisions"}],"wp:attachment":[{"href":"https:\/\/amblavana.esteri.it\/es\/wp-json\/wp\/v2\/media?parent=1214"}],"wp:term":[{"taxonomy":"post_tag","embeddable":true,"href":"https:\/\/amblavana.esteri.it\/es\/wp-json\/wp\/v2\/tags?post=1214"}],"curies":[{"name":"wp","href":"https:\/\/api.w.org\/{rel}","templated":true}]}}