{"id":1186,"date":"2019-08-24T00:18:54","date_gmt":"2019-08-24T04:18:54","guid":{"rendered":"https:\/\/amblavana.esteri.it\/news\/dall_ambasciata\/2019\/08\/avviso-all-utenza-ripristino-del-2\/"},"modified":"2019-08-24T00:18:54","modified_gmt":"2019-08-24T04:18:54","slug":"avviso-all-utenza-ripristino-del-2","status":"publish","type":"post","link":"https:\/\/amblavana.esteri.it\/es\/news\/dall_ambasciata\/2019\/08\/avviso-all-utenza-ripristino-del-2\/","title":{"rendered":"AVISO A LOS USUARIOS &#8211; Recuperaci\u00f3n del servicio de visados a partir del lunes 26 de agosto"},"content":{"rendered":"<p>Los problemas t\u00e9cnicos que moment\u00e1neamente causaron la imposibilidad de abrir nuevos expedientes de visado fueron resueltos.<\/p>\n<p>Por lo tanto, a partir del lunes 26 de agosto, el servicio de visados volver\u00e1 a ser plenamente operativo.<\/p>\n","protected":false},"excerpt":{"rendered":"Los problemas t\u00e9cnicos que moment\u00e1neamente causaron la imposibilidad de abrir nuevos expedientes de visado fueron resueltos. Por lo tanto, a partir del lunes 26 de agosto, el servicio de visados volver\u00e1 a ser plenamente operativo.","protected":false},"author":1,"featured_media":0,"comment_status":"","ping_status":"","sticky":false,"template":"","format":"standard","meta":{"footnotes":""},"tags":[],"class_list":["post-1186","post","type-post","status-publish","format-standard","hentry"],"_links":{"self":[{"href":"https:\/\/amblavana.esteri.it\/es\/wp-json\/wp\/v2\/posts\/1186","targetHints":{"allow":["GET"]}}],"collection":[{"href":"https:\/\/amblavana.esteri.it\/es\/wp-json\/wp\/v2\/posts"}],"about":[{"href":"https:\/\/amblavana.esteri.it\/es\/wp-json\/wp\/v2\/types\/post"}],"author":[{"embeddable":true,"href":"https:\/\/amblavana.esteri.it\/es\/wp-json\/wp\/v2\/users\/1"}],"replies":[{"embeddable":true,"href":"https:\/\/amblavana.esteri.it\/es\/wp-json\/wp\/v2\/comments?post=1186"}],"version-history":[{"count":0,"href":"https:\/\/amblavana.esteri.it\/es\/wp-json\/wp\/v2\/posts\/1186\/revisions"}],"wp:attachment":[{"href":"https:\/\/amblavana.esteri.it\/es\/wp-json\/wp\/v2\/media?parent=1186"}],"wp:term":[{"taxonomy":"post_tag","embeddable":true,"href":"https:\/\/amblavana.esteri.it\/es\/wp-json\/wp\/v2\/tags?post=1186"}],"curies":[{"name":"wp","href":"https:\/\/api.w.org\/{rel}","templated":true}]}}