{"id":1169,"date":"2019-10-23T01:05:03","date_gmt":"2019-10-23T05:05:03","guid":{"rendered":"https:\/\/amblavana.esteri.it\/news\/dall_ambasciata\/2019\/10\/xxii-edicion-de-la-semana-de-la-2\/"},"modified":"2019-10-23T01:05:03","modified_gmt":"2019-10-23T05:05:03","slug":"xxii-edicion-de-la-semana-de-la-2","status":"publish","type":"post","link":"https:\/\/amblavana.esteri.it\/es\/news\/dall_ambasciata\/2019\/10\/xxii-edicion-de-la-semana-de-la-2\/","title":{"rendered":"XXII Edici\u00f3n de la Semana de la Cultura Italiana en Cuba 2019"},"content":{"rendered":"<p>Para contribuir en manera especial a los festejos por los 500 a\u00f1os de la Fundaci\u00f3n de La Habana, la XXII Edici\u00f3n de la Semana de la<br \/>Cultura Italiana en Cuba \u00a1durar\u00e1 muchos m\u00e1s de siete d\u00edas! Desde el 6 al 24 de noviembre de 2019, proponemos una serie de encuentros y actividades que se refieren a los \u00e1mbitos m\u00e1s variados, desde la m\u00fasica cl\u00e1sica al jazz, desde la canci\u00f3n de autor a la \u00f3pera barroca, desde la fotograf\u00eda al cine, desde la poes\u00eda a la pintura, desde el teatro a la danza. Esta Edici\u00f3n se abrir\u00e1 el 6<br \/>noviembre con un concierto de la excepcional artista Carmen Consoli en el Teatro Am\u00e9rica, donde se exhibir\u00e1 junto a la Camerata Romeu de Cuba, y ser\u00e1 clausurada por los c\u00e9lebres tonos de la voz de Mario Biondi, acompa\u00f1ado por su quinteto de jazz con sus dos conciertos en el Teatro Mart\u00ed y en la F\u00e1brica de Arte Cubano, el 22 y el 23 de noviembre respectivamente. Adem\u00e1s, para celebrar<br \/>la coincidencia del a\u00f1o de dos cincuentenarios realmente ilustres &#8211; la fundaci\u00f3n de la Capital cubana y la desaparici\u00f3n de Leonardo da Vinci &#8211; el 13 de noviembre ser\u00e1 inaugurada con la presencia del alcalde de la ciudad de Vinci, la exposici\u00f3n \u201cEl Genio de Leonardo\u201d, en el Museo Castillo de Santo Domingo de Atar\u00e9s de La Habana.<\/p>\n","protected":false},"excerpt":{"rendered":"Para contribuir en manera especial a los festejos por los 500 a\u00f1os de la Fundaci\u00f3n de La Habana, la XXII Edici\u00f3n de la Semana de laCultura Italiana en Cuba \u00a1durar\u00e1 muchos m\u00e1s de siete d\u00edas! Desde el 6 al 24 de noviembre de 2019, proponemos una serie de encuentros y actividades que se refieren a [&hellip;]","protected":false},"author":1,"featured_media":0,"comment_status":"","ping_status":"","sticky":false,"template":"","format":"standard","meta":{"footnotes":""},"tags":[],"class_list":["post-1169","post","type-post","status-publish","format-standard","hentry"],"_links":{"self":[{"href":"https:\/\/amblavana.esteri.it\/es\/wp-json\/wp\/v2\/posts\/1169","targetHints":{"allow":["GET"]}}],"collection":[{"href":"https:\/\/amblavana.esteri.it\/es\/wp-json\/wp\/v2\/posts"}],"about":[{"href":"https:\/\/amblavana.esteri.it\/es\/wp-json\/wp\/v2\/types\/post"}],"author":[{"embeddable":true,"href":"https:\/\/amblavana.esteri.it\/es\/wp-json\/wp\/v2\/users\/1"}],"replies":[{"embeddable":true,"href":"https:\/\/amblavana.esteri.it\/es\/wp-json\/wp\/v2\/comments?post=1169"}],"version-history":[{"count":0,"href":"https:\/\/amblavana.esteri.it\/es\/wp-json\/wp\/v2\/posts\/1169\/revisions"}],"wp:attachment":[{"href":"https:\/\/amblavana.esteri.it\/es\/wp-json\/wp\/v2\/media?parent=1169"}],"wp:term":[{"taxonomy":"post_tag","embeddable":true,"href":"https:\/\/amblavana.esteri.it\/es\/wp-json\/wp\/v2\/tags?post=1169"}],"curies":[{"name":"wp","href":"https:\/\/api.w.org\/{rel}","templated":true}]}}