{"id":1163,"date":"2019-11-18T13:47:10","date_gmt":"2019-11-18T17:47:10","guid":{"rendered":"https:\/\/amblavana.esteri.it\/news\/dall_ambasciata\/2019\/11\/inauguata-a-l-avana-dall-ambasciatore-2\/"},"modified":"2019-11-18T13:47:10","modified_gmt":"2019-11-18T17:47:10","slug":"inauguata-a-l-avana-dall-ambasciatore-2","status":"publish","type":"post","link":"https:\/\/amblavana.esteri.it\/es\/news\/dall_ambasciata\/2019\/11\/inauguata-a-l-avana-dall-ambasciatore-2\/","title":{"rendered":"Inauguracion de la exposicion \u00abEl Genio de Leonardo\u00bb, 14 de noviembre 2019, La Habana"},"content":{"rendered":"<p>En el marco de la XXII Edici\u00f3n de la Semana de la Cultura Italiana en Cuba y de los festejos por el 500 aniversario de la fundaci\u00f3n de La Habana, fue inaugurada ayer por el Embajador de Italia Andrea Ferrari y por el Historiador de la Ciudad, Eusebio Leal, la exposici\u00f3n \u00abEl Genio de Leonardo\u00bb, muestra dedicada a Leonardo da Vinci en el Castillo de Atar\u00e9s de La Habana, que funcionar\u00e1 como museo leonardiano permanente.<\/p>\n<p>Particip\u00f3 en la ceremonia de apertura el Alcalde de Vinci, Dr. Giuseppe Torchia, quien en su discurso record\u00f3 el car\u00e1cter universal del genio de Leonardo, patrimonio de la humanidad y ha deseado el comienzo de un fruct\u00edfero camino de colaboraci\u00f3n entre los dos Museos leonardianos de Vinci y La Habana.<\/p>\n","protected":false},"excerpt":{"rendered":"En el marco de la XXII Edici\u00f3n de la Semana de la Cultura Italiana en Cuba y de los festejos por el 500 aniversario de la fundaci\u00f3n de La Habana, fue inaugurada ayer por el Embajador de Italia Andrea Ferrari y por el Historiador de la Ciudad, Eusebio Leal, la exposici\u00f3n \u00abEl Genio de Leonardo\u00bb, [&hellip;]","protected":false},"author":1,"featured_media":0,"comment_status":"","ping_status":"","sticky":false,"template":"","format":"standard","meta":{"footnotes":""},"tags":[],"class_list":["post-1163","post","type-post","status-publish","format-standard","hentry"],"_links":{"self":[{"href":"https:\/\/amblavana.esteri.it\/es\/wp-json\/wp\/v2\/posts\/1163","targetHints":{"allow":["GET"]}}],"collection":[{"href":"https:\/\/amblavana.esteri.it\/es\/wp-json\/wp\/v2\/posts"}],"about":[{"href":"https:\/\/amblavana.esteri.it\/es\/wp-json\/wp\/v2\/types\/post"}],"author":[{"embeddable":true,"href":"https:\/\/amblavana.esteri.it\/es\/wp-json\/wp\/v2\/users\/1"}],"replies":[{"embeddable":true,"href":"https:\/\/amblavana.esteri.it\/es\/wp-json\/wp\/v2\/comments?post=1163"}],"version-history":[{"count":0,"href":"https:\/\/amblavana.esteri.it\/es\/wp-json\/wp\/v2\/posts\/1163\/revisions"}],"wp:attachment":[{"href":"https:\/\/amblavana.esteri.it\/es\/wp-json\/wp\/v2\/media?parent=1163"}],"wp:term":[{"taxonomy":"post_tag","embeddable":true,"href":"https:\/\/amblavana.esteri.it\/es\/wp-json\/wp\/v2\/tags?post=1163"}],"curies":[{"name":"wp","href":"https:\/\/api.w.org\/{rel}","templated":true}]}}