{"id":1143,"date":"2020-01-21T22:44:21","date_gmt":"2020-01-22T02:44:21","guid":{"rendered":"https:\/\/amblavana.esteri.it\/news\/dall_ambasciata\/2020\/01\/modifiche-al-codice-europeo-dei-2\/"},"modified":"2020-01-21T22:44:21","modified_gmt":"2020-01-22T02:44:21","slug":"modifiche-al-codice-europeo-dei-2","status":"publish","type":"post","link":"https:\/\/amblavana.esteri.it\/es\/news\/dall_ambasciata\/2020\/01\/modifiche-al-codice-europeo-dei-2\/","title":{"rendered":"Modificaciones del C\u00f3digo europeo de visados: novedades para los usuarios que soliciten un visado Schengen"},"content":{"rendered":"<p>Se informa a los usuarios del servicio de visado que &#8211; a partir del pr\u00f3ximo lunes 3 de febrero &#8211; la tarifa consular para la presentaci\u00f3n del visado Schengen aumentar\u00e1 de 60\u20ac a 80\u20ac (de 35\u20ac a 40\u20ac para los solicitantes de edades comprendidas entre 6 y 12 a\u00f1os).<\/p>\n<p>Esta novedad se debe a la entrada en vigor del Reglamento (UE) 2019\/1155, que modifica el C\u00f3digo europeo de visados del 2009.<br \/>El texto del Reglamento puede consultarse en la direcci\u00f3n:<br \/><a href=\"https:\/\/eur-lex.europa.eu\/legal-content\/IT\/TXT\/?uri=CELEX:32019R1155\">https:\/\/eur-lex.europa.eu\/legal-content\/IT\/TXT\/?uri=CELEX:32019R1155<\/a><\/p>\n","protected":false},"excerpt":{"rendered":"Se informa a los usuarios del servicio de visado que &#8211; a partir del pr\u00f3ximo lunes 3 de febrero &#8211; la tarifa consular para la presentaci\u00f3n del visado Schengen aumentar\u00e1 de 60\u20ac a 80\u20ac (de 35\u20ac a 40\u20ac para los solicitantes de edades comprendidas entre 6 y 12 a\u00f1os). Esta novedad se debe a la [&hellip;]","protected":false},"author":1,"featured_media":0,"comment_status":"","ping_status":"","sticky":false,"template":"","format":"standard","meta":{"footnotes":""},"tags":[],"class_list":["post-1143","post","type-post","status-publish","format-standard","hentry"],"_links":{"self":[{"href":"https:\/\/amblavana.esteri.it\/es\/wp-json\/wp\/v2\/posts\/1143","targetHints":{"allow":["GET"]}}],"collection":[{"href":"https:\/\/amblavana.esteri.it\/es\/wp-json\/wp\/v2\/posts"}],"about":[{"href":"https:\/\/amblavana.esteri.it\/es\/wp-json\/wp\/v2\/types\/post"}],"author":[{"embeddable":true,"href":"https:\/\/amblavana.esteri.it\/es\/wp-json\/wp\/v2\/users\/1"}],"replies":[{"embeddable":true,"href":"https:\/\/amblavana.esteri.it\/es\/wp-json\/wp\/v2\/comments?post=1143"}],"version-history":[{"count":0,"href":"https:\/\/amblavana.esteri.it\/es\/wp-json\/wp\/v2\/posts\/1143\/revisions"}],"wp:attachment":[{"href":"https:\/\/amblavana.esteri.it\/es\/wp-json\/wp\/v2\/media?parent=1143"}],"wp:term":[{"taxonomy":"post_tag","embeddable":true,"href":"https:\/\/amblavana.esteri.it\/es\/wp-json\/wp\/v2\/tags?post=1143"}],"curies":[{"name":"wp","href":"https:\/\/api.w.org\/{rel}","templated":true}]}}