{"id":1127,"date":"2020-02-19T15:55:30","date_gmt":"2020-02-19T19:55:30","guid":{"rendered":"https:\/\/amblavana.esteri.it\/news\/dall_ambasciata\/2020\/02\/corso-origini-italia-anno-2020-2\/"},"modified":"2020-02-19T15:55:30","modified_gmt":"2020-02-19T19:55:30","slug":"corso-origini-italia-anno-2020-2","status":"publish","type":"post","link":"https:\/\/amblavana.esteri.it\/es\/news\/dall_ambasciata\/2020\/02\/corso-origini-italia-anno-2020-2\/","title":{"rendered":"Curso \u201cOrigini Italia\u201d a\u00f1o 2020 destinado a descendientes de emigrados italianos."},"content":{"rendered":"<p>Tambi\u00e9n para el a\u00f1o 2020 la MIB School of Management de Trieste, con el patrocinio del Ministerio de Asuntos Exteriores y de la Cooperaci\u00f3n Internacional y en colaboraci\u00f3n con ICE\/ITA Agencia para la promocion en el exterior y la internacionalizaci\u00f3n de las empresas italianas, promueve y organiza el curso de formaci\u00f3n administrativa <strong>\u201cOrigini Italia\u201d destinado a los j\u00f3venes descendientes de emigrados italianos residentes en el exterior, en particular en los pa\u00edses extra europeos.<\/strong><\/p>\n<p>\u00a0<\/p>\n<p>El objetivo es aquel de favorecer la colaboraci\u00f3n entre las empresas italianas y los ciudadanos de origen italiano en el mundo, permitiendo a los participantes de conocer la tierra de origen de sus anteriores generaciones, reencontrando cultura, historia y lengua, y abordando al mismo tiempo experiencias de tipo empresarial y administrativo en colaboraci\u00f3n con importantes empresas italianas, tambi\u00e9n con vistas a la creaci\u00f3n de futuras relaciones laborales entre Italia y los Pa\u00edses de proveniencia.<\/p>\n<p>\u00a0<\/p>\n<p>La inscripci\u00f3n en el curso es gratuita y los organizadores aseguran a los participantes los costos de viaje, alojamiento y alimentaci\u00f3n durante el per\u00edodo de duraci\u00f3n de dicho curso, de 5 meses (a partir del 26 octubre 2020).<\/p>\n<p>\u00a0<\/p>\n<p>Informaciones m\u00e1s detalladas sobre los contenidos del curso y los requisitos de admisi\u00f3n \u2013 junto a los modelos para la inscripci\u00f3n online \u2013 se encuentran disponibles en el sitio web: <a href=\"https:\/\/mib.edu\/it\/formazione-executive\/origini-italia\/overview\">https:\/\/mib.edu\/it\/formazione-executive\/origini-italia\/overview<\/a> .<\/p>\n<p><strong>El vencimiento para la presentaci\u00f3n de las solicitudes de participaci\u00f3n est\u00e1 fijado para el 30 de abril 2020 .<\/strong><\/p>\n","protected":false},"excerpt":{"rendered":"Tambi\u00e9n para el a\u00f1o 2020 la MIB School of Management de Trieste, con el patrocinio del Ministerio de Asuntos Exteriores y de la Cooperaci\u00f3n Internacional y en colaboraci\u00f3n con ICE\/ITA Agencia para la promocion en el exterior y la internacionalizaci\u00f3n de las empresas italianas, promueve y organiza el curso de formaci\u00f3n administrativa \u201cOrigini Italia\u201d destinado [&hellip;]","protected":false},"author":1,"featured_media":0,"comment_status":"","ping_status":"","sticky":false,"template":"","format":"standard","meta":{"footnotes":""},"tags":[],"class_list":["post-1127","post","type-post","status-publish","format-standard","hentry"],"_links":{"self":[{"href":"https:\/\/amblavana.esteri.it\/es\/wp-json\/wp\/v2\/posts\/1127","targetHints":{"allow":["GET"]}}],"collection":[{"href":"https:\/\/amblavana.esteri.it\/es\/wp-json\/wp\/v2\/posts"}],"about":[{"href":"https:\/\/amblavana.esteri.it\/es\/wp-json\/wp\/v2\/types\/post"}],"author":[{"embeddable":true,"href":"https:\/\/amblavana.esteri.it\/es\/wp-json\/wp\/v2\/users\/1"}],"replies":[{"embeddable":true,"href":"https:\/\/amblavana.esteri.it\/es\/wp-json\/wp\/v2\/comments?post=1127"}],"version-history":[{"count":0,"href":"https:\/\/amblavana.esteri.it\/es\/wp-json\/wp\/v2\/posts\/1127\/revisions"}],"wp:attachment":[{"href":"https:\/\/amblavana.esteri.it\/es\/wp-json\/wp\/v2\/media?parent=1127"}],"wp:term":[{"taxonomy":"post_tag","embeddable":true,"href":"https:\/\/amblavana.esteri.it\/es\/wp-json\/wp\/v2\/tags?post=1127"}],"curies":[{"name":"wp","href":"https:\/\/api.w.org\/{rel}","templated":true}]}}