{"id":1088,"date":"2020-03-24T16:42:54","date_gmt":"2020-03-24T20:42:54","guid":{"rendered":"https:\/\/amblavana.esteri.it\/news\/dall_ambasciata\/2020\/03\/emergenza-covid-19-nuove-misure-2\/"},"modified":"2020-03-24T16:42:54","modified_gmt":"2020-03-24T20:42:54","slug":"emergenza-covid-19-nuove-misure-2","status":"publish","type":"post","link":"https:\/\/amblavana.esteri.it\/es\/news\/dall_ambasciata\/2020\/03\/emergenza-covid-19-nuove-misure-2\/","title":{"rendered":"EMERGENCIA COVID-19: NUEVAS MEDIDAS ANUNCIADAS POR EL GOBIERNO CUBANO &#8211; ACTUALIZACION  DEL 24 DE MARZO"},"content":{"rendered":"<p><strong>PROPAGACI\u00d3N COVID-19 EN CUBA<\/strong><br \/>Seg\u00fan el bolet\u00edn del Ministerio de la Salud Publica de Cuba, los casos de contagio actualmente confirmados ascendieron a 40, mientras los casos sospechosos en aislamiento han subido a 1036.<br \/>Para informaciones generales y actualizaciones sobre la evoluci\u00f3n de la epidemia en Cuba, remitirse al sitio del Ministerio de Salud P\u00fablica: <a href=\"https:\/\/salud.msp.gob.cu\/\">https:\/\/salud.msp.gob.cu\/<\/a><\/p>\n<p><strong>MEDIDAS ANUNCIADAS POR EL GOBIERNO CUBANO DURANTE EL PROGAMA DE TELEVISION \u201cMESA REDONDA\u201d EN LOS DIAS 20 Y 23 DE MARZO PASADOS<\/strong><br \/>\u2022 Las fronteras del Pa\u00eds est\u00e1n abiertas a la entrada de italianos residentes en Cuba;<br \/>\u2022 Los italianos que entren a Cuba se someter\u00e1n a un periodo de aislamiento en adecuados centros, habilitados en todas las provincias;<br \/>\u2022 Est\u00e1 prohibido a los familiares y amigos ir a recibir a los viajeros en el aeropuerto;<br \/>\u2022 La salida de Cuba est\u00e1 garantizada a todos los turistas italianos, compatiblemente con la disponibilidad de las conexiones a\u00e9reas;<br \/>\u2022 Los turistas italianos actualmente presentes en Cuba no podr\u00e1n abandonar los hoteles, las casas privadas y las habitaciones alquiladas donde est\u00e9n hospedados. En caso de que en las actuales estructuras no se garantice el respeto de las medidas de prevenci\u00f3n y contenci\u00f3n del virus, en los pr\u00f3ximos d\u00edas las Autoridades cubanas llevar\u00e1n a cabo directamente su gradual traslado hacia determinados hoteles, donde podr\u00e1n cumplirse m\u00e1s eficazmente las medidas de prevenci\u00f3n epidemiol\u00f3gica;<br \/>\u2022 Est\u00e1n suspendidos los transportes p\u00fablicos entre provincias dentro del Pa\u00eds (guaguas, trenes, vuelos internos);<br \/>\u2022 Las actividades de las escuelas y las Universidades (con la excepci\u00f3n de los c\u00edrculos infantiles) est\u00e1n suspendidas por un mes;<br \/>\u2022 Es obligatorio el distanciamiento social, en particular dentro de los supermercados, bares y restaurantes, que permanezcan abiertos solo con la condici\u00f3n de poder garantizar la distancia de seguridad de al menos un metro entre los clientes.<\/p>\n<p><strong>SUSPENSI\u00d3N DEL SERVICIO DE VISADOS<\/strong><br \/>En aplicaci\u00f3n de las medidas adoptadas en d\u00edas pasados por los Gobiernos italiano y cubano, as\u00ed como por la Uni\u00f3n Europea, deben limitarse al m\u00ednimo indispensable los desplazamientos. Los viajes no esenciales hacia Europa est\u00e1n suspendidos. En cumplimiento de tales disposiciones, tambi\u00e9n la recepci\u00f3n de solicitudes de visado a Italia y en el \u00c1rea Schengen est\u00e1 suspendida hasta el 24 de abril -o hasta otra fecha que ser\u00e1 determinada en un futuro pr\u00f3ximo- con la excepci\u00f3n de los viajes por motivos imperativos.<\/p>\n<p><strong>SERVICIOS CONSULARES<\/strong><br \/>En el marco de las medidas de emergencia dirigidas a combatir la propagaci\u00f3n del COVID-19, hasta una nueva comunicaci\u00f3n, son adoptadas las siguientes medidas para recibir al p\u00fablico:<br \/>\u2022 Los servicios consulares son limitados solo y exclusivamente a cuestiones que revistan car\u00e1cter de urgencia y a los servicios p\u00fablicos esenciales. Por tanto, se recomienda a los ciudadanos italianos no presentarse personalmente en las Oficinas de la Embajada a no ser solo en tales casos;<br \/>\u2022 Todos los usuarios que soliciten servicios a la Embajada se le pide mantener una distancia de al menos un metro respecto a las otras personas de la fila externa para acceder a las oficinas. Por tanto, est\u00e1 prohibida la aglomeraci\u00f3n de personas delante de la entrada de la Embajada;<br \/>\u2022 El acceso al \u00e1rea de espera dentro del per\u00edmetro de la embajada y de las ventanillas est\u00e1 permitido solo de forma controlada y limitada a un m\u00e1ximo de diez personas a la vez.<\/p>\n<p><strong>VUELOS A ITALIA<\/strong><br \/>Los residentes en Italia que deben regresar a nuestro Pa\u00eds encontrar\u00e1n informaciones sobre las conexiones a\u00e9reas activas en la siguiente direcci\u00f3n: <a href=\"https:\/\/www.esteri.it\/mae\/it\/sala_stampa\/archivionotizie\/approfondimenti\/coronavirus-da-alitalia-e-neos-voli-speciali-per-il-rientro-dei-connazionali.html\">https:\/\/www.esteri.it\/mae\/it\/sala_stampa\/archivionotizie\/approfondimenti\/coronavirus-da-alitalia-e-neos-voli-speciali-per-il-rientro-dei-connazionali.html<\/a><br \/>Sobre problem\u00e1ticas vinculadas al regreso con escala aeroportuaria en Pa\u00edses diferentes a Cuba y a Italia, se recomienda a los ciudadanos hacer referencia a los sitios internet de las Embajadas\/Consulados activos en esos Pa\u00edses.<\/p>\n<p><strong>REGRESO A ITALIA Y AUTOAISLAMIENTO OBLIGATORIO<\/strong><br \/>Para poder llegar al propio lugar de residencia, los ciudadanos italianos que regresan desde Cuba deben llenar el modelo de autocertificaci\u00f3n disponible en la siguiente direcci\u00f3n:<br \/><a href=\"https:\/\/www.interno.gov.it\/sites\/default\/files\/allegati\/modulo-autodichiarazione-17.3.2020.pdf\">https:\/\/www.interno.gov.it\/sites\/default\/files\/allegati\/modulo-autodichiarazione-17.3.2020.pdf<\/a><br \/>Una vez que lleguen a sus lugares de residencia los ciudadanos italianos ser\u00e1n sometidos al aislamiento obligatorio por al menos 14 d\u00edas posteriores al regreso, aunque sean asintom\u00e1ticos respecto a la COVID-19. Para mayores informaciones se remite a la siguiente direcci\u00f3n: <a href=\"http:\/\/www.mit.gov.it\/comunicazione\/news\/coronavirus\/coronavirus-de-micheli-firma-decreto-su-autoisolamento-chi-rientra\">http:\/\/www.mit.gov.it\/comunicazione\/news\/coronavirus\/coronavirus-de-micheli-firma-decreto-su-autoisolamento-chi-rientra<\/a><\/p>\n<p><strong>PREVENCI\u00d3N<\/strong><br \/>En general se recomienda a los ciudadanos italianos adoptar todos comportamientos individuales y medidas de conducta social que puedan combatir eficazmente el contagio. Al respecto, se remite a cumplir escrupulosamente las medidas de prevenci\u00f3n expuestas en las siguientes direcciones:<br \/>&#8211; <a href=\"http:\/\/www.salute.gov.it\/portale\/nuovocoronavirus\/dettaglioFaqNuovoCoronavirus.jsp?lingua=italiano&#038;id=228#6\">http:\/\/www.salute.gov.it\/portale\/nuovocoronavirus\/dettaglioFaqNuovoCoronavirus.jsp?lingua=italiano&#038;id=228#6<\/a><br \/>&#8211; <a href=\"http:\/\/www.governo.it\/it\/faq-iorestoacasa\">http:\/\/www.governo.it\/it\/faq-iorestoacasa<\/a><br \/>Para concluir se recomienda a los ciudadanos italianos acudir inmediatamente a las Autoridades sanitarias cubanas competentes ante eventuales malestares (como, por ejemplo, fiebre, dolor de garganta, tos, dificultades respiratorias).<\/p>\n","protected":false},"excerpt":{"rendered":"PROPAGACI\u00d3N COVID-19 EN CUBASeg\u00fan el bolet\u00edn del Ministerio de la Salud Publica de Cuba, los casos de contagio actualmente confirmados ascendieron a 40, mientras los casos sospechosos en aislamiento han subido a 1036.Para informaciones generales y actualizaciones sobre la evoluci\u00f3n de la epidemia en Cuba, remitirse al sitio del Ministerio de Salud P\u00fablica: https:\/\/salud.msp.gob.cu\/ MEDIDAS [&hellip;]","protected":false},"author":1,"featured_media":0,"comment_status":"","ping_status":"","sticky":false,"template":"","format":"standard","meta":{"footnotes":""},"tags":[],"class_list":["post-1088","post","type-post","status-publish","format-standard","hentry"],"_links":{"self":[{"href":"https:\/\/amblavana.esteri.it\/es\/wp-json\/wp\/v2\/posts\/1088","targetHints":{"allow":["GET"]}}],"collection":[{"href":"https:\/\/amblavana.esteri.it\/es\/wp-json\/wp\/v2\/posts"}],"about":[{"href":"https:\/\/amblavana.esteri.it\/es\/wp-json\/wp\/v2\/types\/post"}],"author":[{"embeddable":true,"href":"https:\/\/amblavana.esteri.it\/es\/wp-json\/wp\/v2\/users\/1"}],"replies":[{"embeddable":true,"href":"https:\/\/amblavana.esteri.it\/es\/wp-json\/wp\/v2\/comments?post=1088"}],"version-history":[{"count":0,"href":"https:\/\/amblavana.esteri.it\/es\/wp-json\/wp\/v2\/posts\/1088\/revisions"}],"wp:attachment":[{"href":"https:\/\/amblavana.esteri.it\/es\/wp-json\/wp\/v2\/media?parent=1088"}],"wp:term":[{"taxonomy":"post_tag","embeddable":true,"href":"https:\/\/amblavana.esteri.it\/es\/wp-json\/wp\/v2\/tags?post=1088"}],"curies":[{"name":"wp","href":"https:\/\/api.w.org\/{rel}","templated":true}]}}