{"id":1015,"date":"2020-09-24T17:38:24","date_gmt":"2020-09-24T21:38:24","guid":{"rendered":"https:\/\/amblavana.esteri.it\/news\/dall_ambasciata\/2020\/09\/avviso-esplorativo-per-l-acquisizione-2\/"},"modified":"2020-09-24T17:38:24","modified_gmt":"2020-09-24T21:38:24","slug":"avviso-esplorativo-per-l-acquisizione-2","status":"publish","type":"post","link":"https:\/\/amblavana.esteri.it\/es\/news\/dall_ambasciata\/2020\/09\/avviso-esplorativo-per-l-acquisizione-2\/","title":{"rendered":"AVISO DE EXPLORACI\u00d3N PARA OBTENER MANIFESTACIONES DE INTER\u00c9S &#8211; 1"},"content":{"rendered":"<p>AVISO DE EXPLORACI\u00d3N PARA OBTENER MANIFESTACIONES DE INTER\u00c9S EN REALIZAR OBRAS DE RESTAURACI\u00d3N FUNCIONAL DEL <strong>PRIMER PISO Y RESTAURACI\u00d3N DEL TECHO<\/strong> DEL EDIFICIO DE LA CASA DE HU\u00c9SPEDES UBICADA DENTRO DEL PER\u00cdMETRO DE LA RESIDENCIA DEL EMBAJADOR DE ITALIA EN CUBA.<\/p>\n<p>La Embajada de Italia en Cuba tiene la intenci\u00f3n de obtener manifestaciones de inter\u00e9s para proceder a la contrataci\u00f3n de obras de recuperaci\u00f3n funcional del primer piso y del techo que est\u00e1 encima, de aproximadamente 65 m2 en total, del edificio de la casa de hu\u00e9spedes de la Residencia del Embajador de Italia en Cuba.<\/p>\n<p>El presente aviso, dirigido \u00fanicamente para recibir las manifestaciones de inter\u00e9s y fomentar la participaci\u00f3n y consulta del mayor n\u00famero de operadores econ\u00f3micos potencialmente interesados, no es en modo alguno obligatorio para esta Embajada que se reserva el derecho de identificar posteriormente el n\u00famero de personas adecuadas a las que se enviar\u00e1 la invitaci\u00f3n para presentar su oferta econ\u00f3mica para los trabajos o servicios.<\/p>\n<p>\u00a0\u00a0\u00a0\u00a0\u00a0\u00a0\u00a0\u00a0\u00a0\u00a0\u00a0\u00a0\u00a0\u00a0\u00a0\u00a0\u00a0 <a href=\"resource\/doc\/2020\/09\/avviso_esplorativo_-_foresteria_-_tetto_e_primo_piano.pdf\"><strong>AVISO (con traducci\u00f2n)<\/strong><\/a><\/p>\n<p>\u00a0\u00a0\u00a0\u00a0\u00a0\u00a0\u00a0\u00a0\u00a0\u00a0\u00a0\u00a0\u00a0\u00a0\u00a0\u00a0\u00a0\u00a0<a href=\"resource\/doc\/2020\/09\/techo_y_1er_piso_-_anexo_a_2_aviso_explorativo.pdf\"><strong>Anexo (formulario)<\/strong><\/a><\/p>\n","protected":false},"excerpt":{"rendered":"AVISO DE EXPLORACI\u00d3N PARA OBTENER MANIFESTACIONES DE INTER\u00c9S EN REALIZAR OBRAS DE RESTAURACI\u00d3N FUNCIONAL DEL PRIMER PISO Y RESTAURACI\u00d3N DEL TECHO DEL EDIFICIO DE LA CASA DE HU\u00c9SPEDES UBICADA DENTRO DEL PER\u00cdMETRO DE LA RESIDENCIA DEL EMBAJADOR DE ITALIA EN CUBA. La Embajada de Italia en Cuba tiene la intenci\u00f3n de obtener manifestaciones de inter\u00e9s [&hellip;]","protected":false},"author":1,"featured_media":0,"comment_status":"","ping_status":"","sticky":false,"template":"","format":"standard","meta":{"footnotes":""},"tags":[],"class_list":["post-1015","post","type-post","status-publish","format-standard","hentry"],"_links":{"self":[{"href":"https:\/\/amblavana.esteri.it\/es\/wp-json\/wp\/v2\/posts\/1015","targetHints":{"allow":["GET"]}}],"collection":[{"href":"https:\/\/amblavana.esteri.it\/es\/wp-json\/wp\/v2\/posts"}],"about":[{"href":"https:\/\/amblavana.esteri.it\/es\/wp-json\/wp\/v2\/types\/post"}],"author":[{"embeddable":true,"href":"https:\/\/amblavana.esteri.it\/es\/wp-json\/wp\/v2\/users\/1"}],"replies":[{"embeddable":true,"href":"https:\/\/amblavana.esteri.it\/es\/wp-json\/wp\/v2\/comments?post=1015"}],"version-history":[{"count":0,"href":"https:\/\/amblavana.esteri.it\/es\/wp-json\/wp\/v2\/posts\/1015\/revisions"}],"wp:attachment":[{"href":"https:\/\/amblavana.esteri.it\/es\/wp-json\/wp\/v2\/media?parent=1015"}],"wp:term":[{"taxonomy":"post_tag","embeddable":true,"href":"https:\/\/amblavana.esteri.it\/es\/wp-json\/wp\/v2\/tags?post=1015"}],"curies":[{"name":"wp","href":"https:\/\/api.w.org\/{rel}","templated":true}]}}