{"id":1009,"date":"2020-09-24T17:52:14","date_gmt":"2020-09-24T21:52:14","guid":{"rendered":"https:\/\/amblavana.esteri.it\/news\/dall_ambasciata\/2020\/09\/avviso-esplorativo-per-l-acquisizione_0-2\/"},"modified":"2020-09-24T17:52:14","modified_gmt":"2020-09-24T21:52:14","slug":"avviso-esplorativo-per-l-acquisizione_0-2","status":"publish","type":"post","link":"https:\/\/amblavana.esteri.it\/es\/news\/dall_ambasciata\/2020\/09\/avviso-esplorativo-per-l-acquisizione_0-2\/","title":{"rendered":"AVISO EXPLORATORIO PARA LA ADQUISICI\u00d3N DE EXPRESIONES DE INTER\u00c9S &#8211; 2"},"content":{"rendered":"<p>AVISO EXPLORATORIO PARA LA ADQUISICI\u00d3N DE EXPRESIONES DE INTER\u00c9S EN LA REALIZACI\u00d3N DE OBRAS DE RESTAURACI\u00d3N FUNCIONAL DEL <strong>GARAJE Y LOS LOCALES ADJUNTOS<\/strong>, EN LA PLANTA BAJA DEL EDIFICIO DE LA CASA DE HU\u00c9SPEDES UBICADA DENTRO DEL PER\u00cdMETRO DE LA RESIDENCIA DEL EMBAJADOR ITALIANO EN CUBA.<\/p>\n<p>La Embajada de Italia en Cuba tiene la intenci\u00f3n de adquirir expresiones de inter\u00e9s con el fin de proceder al mantenimiento de las obras de recuperaci\u00f3n funcional del garaje (tres plazas de aparcamiento) y las dependencias de servicios locales (para una superficie total de unos 60 metros cuadrados) del edificio de la casa de hu\u00e9spedes de la Residencia del Embajador Italiano en Cuba.<\/p>\n<p>Este aviso, dirigido \u00fanicamente a recibir expresiones de inter\u00e9s con el fin de fomentar la participaci\u00f3n y consulta del mayor n\u00famero de operadores econ\u00f3micos potencialmente afectados, no es en modo alguno vinculante para esta Embajada, que se reserva el derecho de identificar el n\u00famero de personas adecuadas a las que se enviar\u00e1 la carta de invitaci\u00f3n para presentar su oferta.<\/p>\n<p>\u00a0<\/p>\n<p>\u00a0\u00a0\u00a0\u00a0\u00a0\u00a0\u00a0\u00a0\u00a0\u00a0\u00a0\u00a0\u00a0\u00a0\u00a0\u00a0\u00a0 <a href=\"resource\/doc\/2020\/09\/avviso_esplorativo_-_foresteria_-_garages.pdf\"><strong>AVISO (con traducci\u00f2n)<\/strong><\/a><\/p>\n<p>\u00a0\u00a0\u00a0\u00a0\u00a0\u00a0\u00a0\u00a0\u00a0\u00a0\u00a0\u00a0\u00a0\u00a0\u00a0\u00a0\u00a0 <a href=\"resource\/doc\/2020\/09\/garages_-_anexo_a_2_aviso_explorativo.pdf\"><strong>Anexo (formulario)<\/strong><\/a><\/p>\n","protected":false},"excerpt":{"rendered":"AVISO EXPLORATORIO PARA LA ADQUISICI\u00d3N DE EXPRESIONES DE INTER\u00c9S EN LA REALIZACI\u00d3N DE OBRAS DE RESTAURACI\u00d3N FUNCIONAL DEL GARAJE Y LOS LOCALES ADJUNTOS, EN LA PLANTA BAJA DEL EDIFICIO DE LA CASA DE HU\u00c9SPEDES UBICADA DENTRO DEL PER\u00cdMETRO DE LA RESIDENCIA DEL EMBAJADOR ITALIANO EN CUBA. La Embajada de Italia en Cuba tiene la intenci\u00f3n [&hellip;]","protected":false},"author":1,"featured_media":0,"comment_status":"","ping_status":"","sticky":false,"template":"","format":"standard","meta":{"footnotes":""},"tags":[],"class_list":["post-1009","post","type-post","status-publish","format-standard","hentry"],"_links":{"self":[{"href":"https:\/\/amblavana.esteri.it\/es\/wp-json\/wp\/v2\/posts\/1009","targetHints":{"allow":["GET"]}}],"collection":[{"href":"https:\/\/amblavana.esteri.it\/es\/wp-json\/wp\/v2\/posts"}],"about":[{"href":"https:\/\/amblavana.esteri.it\/es\/wp-json\/wp\/v2\/types\/post"}],"author":[{"embeddable":true,"href":"https:\/\/amblavana.esteri.it\/es\/wp-json\/wp\/v2\/users\/1"}],"replies":[{"embeddable":true,"href":"https:\/\/amblavana.esteri.it\/es\/wp-json\/wp\/v2\/comments?post=1009"}],"version-history":[{"count":0,"href":"https:\/\/amblavana.esteri.it\/es\/wp-json\/wp\/v2\/posts\/1009\/revisions"}],"wp:attachment":[{"href":"https:\/\/amblavana.esteri.it\/es\/wp-json\/wp\/v2\/media?parent=1009"}],"wp:term":[{"taxonomy":"post_tag","embeddable":true,"href":"https:\/\/amblavana.esteri.it\/es\/wp-json\/wp\/v2\/tags?post=1009"}],"curies":[{"name":"wp","href":"https:\/\/api.w.org\/{rel}","templated":true}]}}